{"id":802,"date":"2026-01-08T05:46:29","date_gmt":"2026-01-08T04:46:29","guid":{"rendered":"https:\/\/www.rachida-dati.eu\/actualites\/factures-delectricite-en-france-baisse-de-5-a-partir-de-fevrier-2026\/"},"modified":"2026-01-08T05:46:30","modified_gmt":"2026-01-08T04:46:30","slug":"factures-delectricite-en-france-baisse-de-5-a-partir-de-fevrier-2026","status":"publish","type":"post","link":"https:\/\/www.rachida-dati.eu\/actualites\/factures-delectricite-en-france-baisse-de-5-a-partir-de-fevrier-2026\/","title":{"rendered":"Factures d&rsquo;\u00e9lectricit\u00e9 en France : baisse de 5 % \u00e0 partir de f\u00e9vrier 2026"},"content":{"rendered":"<div data-element-guid=\"7f7332a5-aca0-4fee-9990-ec700b171346\">\n<h2 class=\"subtitle \" style=\"\">Le changement n\u2019est pas une \u00ab r\u00e9volution \u00bb, mais il redonnera un pouvoir d\u2019achat, affirme le ministre<\/h2>\n<\/p>\n<\/div>\n<div data-element-guid=\"8daa615d-3746-457d-9f5c-7b2245b6bb1c\">\n<p><!-- placeholder(#1) --><\/p>\n<p>Les factures d&rsquo;\u00e9lectricit\u00e9 devraient diminuer de 5 % en France \u00e0 partir de f\u00e9vrier, a confirm\u00e9 le ministre de l&rsquo;\u00c9conomie, avec une \u00e9conomie collective de 540 millions d&rsquo;euros par an.<\/p>\n<p>En termes r\u00e9els, les \u00e9conomies repr\u00e9senteront environ 10 \u00e0 12 euros par m\u00e9nage domestique et par an, et jusqu\u2019\u00e0 200 euros par an pour une petite entreprise, comme une boulangerie.<\/p>\n<p>Roland Lescure a annonc\u00e9 cela dans une interview accord\u00e9e au <span data-lab-italic=\"italic\" class=\"italic m-italic\">Le Parisien<\/span> le 4 janvier, d\u00e9clarant : \u00ab J\u2019ai d\u00e9cid\u00e9 de r\u00e9duire la contribution tarifaire d\u2019approvisionnement (CTA), qui est une taxe sur toutes les factures d\u2019\u00e9lectricit\u00e9 en France. \u00bb<\/p>\n<p>Le changement entrera en vigueur \u00e0 partir du 1er f\u00e9vrier et constitue une am\u00e9lioration par rapport aux pr\u00e9visions de prix inchang\u00e9s pr\u00e9vues \u00e0 la fin de l&rsquo;ann\u00e9e derni\u00e8re.<\/p>\n<p>M. Lescure a reconnu que ce changement n\u2019\u00e9tait pas \u00ab une r\u00e9volution dans la tarification de l\u2019\u00e9nergie \u00bb, mais a averti qu\u2019\u00ab il n\u2019existe pas de formule magique \u00bb lorsqu\u2019il s\u2019agit de r\u00e9duire les factures d\u2019\u00e9nergie. \u00ab Nous allons rendre 540 millions d\u2019euros de pouvoir d\u2019achat au peuple fran\u00e7ais \u00bb, a-t-il d\u00e9clar\u00e9. \u00ab Une fois mis en \u0153uvre, c\u2019est efficace, imm\u00e9diat et significatif. \u00bb<\/p>\n<p>La r\u00e9duction devrait \u00eatre confirm\u00e9e dans le <span data-lab-italic=\"italic\" class=\"italic m-italic\">Journal Officiel<\/span> apr\u00e8s consultation des autorit\u00e9s, notamment le Conseil sup\u00e9rieur de l\u2019\u00e9nergie (CSE) et la Commission de r\u00e9gulation de l\u2019\u00e9nergie (CRE).<\/p>\n<h2>Pas d\u2019impact sur les finances publiques<\/h2>\n<p>M. Lescure a d\u00e9lib\u00e9r\u00e9ment choisi cette m\u00e9thode de r\u00e9duction des factures, car le changement n\u2019affectera pas les d\u00e9penses publiques ni les finances de l\u2019\u00c9tat, a-t-il ajout\u00e9.<\/p>\n<p>La CTA ne contribue pas au budget public, mais finance plut\u00f4t des r\u00e9gimes de retraite pour les employ\u00e9s des secteurs de l\u2019\u00e9lectricit\u00e9 et du gaz. Actuellement, ces r\u00e9gimes de retraite pr\u00e9sentent un exc\u00e9dent, et ne seront donc pas n\u00e9gativement affect\u00e9s par la r\u00e9duction.<\/p>\n<p>M. Lescure avait re\u00e7u pour mission de r\u00e9duire les factures d\u2019\u00e9lectricit\u00e9 par le Premier ministre S\u00e9bastien Lecornu en novembre. D\u2019autres options envisag\u00e9es auraient inclus la r\u00e9duction des droits d\u2019accise sur l\u2019\u00e9lectricit\u00e9, ou la r\u00e9duction du taux de TVA actuel de 20 %.<\/p>\n<p>Cette r\u00e9duction fait suite \u00e0 une baisse de 15 % des prix annonc\u00e9e l\u2019ann\u00e9e derni\u00e8re (en janvier 2025).<\/p>\n<\/div>\n","protected":false},"excerpt":{"rendered":"<p>Le changement n\u2019est pas une \u00ab r\u00e9volution \u00bb, mais il redonnera un pouvoir d\u2019achat, affirme le ministre Les factures d&rsquo;\u00e9lectricit\u00e9 devraient diminuer de 5 % en France \u00e0 partir de f\u00e9vrier, a confirm\u00e9 le ministre de l&rsquo;\u00c9conomie, avec une \u00e9conomie collective de 540 millions d&rsquo;euros par an. En termes r\u00e9els, les \u00e9conomies repr\u00e9senteront environ 10 [&hellip;]<\/p>\n","protected":false},"author":1,"featured_media":803,"comment_status":"open","ping_status":"open","sticky":false,"template":"","format":"standard","meta":{"footnotes":""},"categories":[1],"tags":[1058,981,817,1059,37,687],"class_list":["post-802","post","type-post","status-publish","format-standard","has-post-thumbnail","hentry","category-non-classe","tag-baisse","tag-delectricite","tag-factures","tag-fevrier","tag-france","tag-partir"],"_links":{"self":[{"href":"https:\/\/www.rachida-dati.eu\/actualites\/wp-json\/wp\/v2\/posts\/802","targetHints":{"allow":["GET"]}}],"collection":[{"href":"https:\/\/www.rachida-dati.eu\/actualites\/wp-json\/wp\/v2\/posts"}],"about":[{"href":"https:\/\/www.rachida-dati.eu\/actualites\/wp-json\/wp\/v2\/types\/post"}],"author":[{"embeddable":true,"href":"https:\/\/www.rachida-dati.eu\/actualites\/wp-json\/wp\/v2\/users\/1"}],"replies":[{"embeddable":true,"href":"https:\/\/www.rachida-dati.eu\/actualites\/wp-json\/wp\/v2\/comments?post=802"}],"version-history":[{"count":1,"href":"https:\/\/www.rachida-dati.eu\/actualites\/wp-json\/wp\/v2\/posts\/802\/revisions"}],"predecessor-version":[{"id":804,"href":"https:\/\/www.rachida-dati.eu\/actualites\/wp-json\/wp\/v2\/posts\/802\/revisions\/804"}],"wp:featuredmedia":[{"embeddable":true,"href":"https:\/\/www.rachida-dati.eu\/actualites\/wp-json\/wp\/v2\/media\/803"}],"wp:attachment":[{"href":"https:\/\/www.rachida-dati.eu\/actualites\/wp-json\/wp\/v2\/media?parent=802"}],"wp:term":[{"taxonomy":"category","embeddable":true,"href":"https:\/\/www.rachida-dati.eu\/actualites\/wp-json\/wp\/v2\/categories?post=802"},{"taxonomy":"post_tag","embeddable":true,"href":"https:\/\/www.rachida-dati.eu\/actualites\/wp-json\/wp\/v2\/tags?post=802"}],"curies":[{"name":"wp","href":"https:\/\/api.w.org\/{rel}","templated":true}]}}