{"id":805,"date":"2026-01-08T16:48:08","date_gmt":"2026-01-08T15:48:08","guid":{"rendered":"https:\/\/www.rachida-dati.eu\/actualites\/stations-de-ski-francaises-en-forte-demande-a-noel-malgre-peu-de-neige\/"},"modified":"2026-01-08T16:48:08","modified_gmt":"2026-01-08T15:48:08","slug":"stations-de-ski-francaises-en-forte-demande-a-noel-malgre-peu-de-neige","status":"publish","type":"post","link":"https:\/\/www.rachida-dati.eu\/actualites\/stations-de-ski-francaises-en-forte-demande-a-noel-malgre-peu-de-neige\/","title":{"rendered":"Stations de ski fran\u00e7aises en forte demande \u00e0 No\u00ebl malgr\u00e9 peu de neige"},"content":{"rendered":"<div data-element-guid=\"7f7332a5-aca0-4fee-9990-ec700b171346\">\n<h2 class=\"subtitle \" style=\"\">Les r\u00e9servations augmentent et les activit\u00e9s non li\u00e9es \u00e0 la neige connaissent \u00e9galement une hausse<\/h2>\n<\/p>\n<\/div>\n<div data-element-guid=\"984382bd-27db-4ad0-b49a-2a15b8afae17\">\n<p><!-- placeholder(#1) --><\/p>\n<p>Les stations de ski en France enregistrent une p\u00e9riode de No\u00ebl dynamique avec des taux d&rsquo;occupation \u00e9lev\u00e9s dans les h\u00f4tels, davantage de visites et des s\u00e9jours plus longs dans l\u2019ensemble \u2013 malgr\u00e9 un enneigement moins abondant cette ann\u00e9e par rapport \u00e0 l&rsquo;ann\u00e9e pr\u00e9c\u00e9dente.<\/p>\n<p>\u00ab C\u2019est presque au m\u00eame niveau que les chiffres de l\u2019an dernier, lorsque No\u00ebl a \u00e9t\u00e9 l\u2019un des No\u00ebls les plus forts, du moins en termes du nombre de visiteurs en montagne, que nous avons vus au cours des 20\u201330 derni\u00e8res ann\u00e9es \u00bb, a d\u00e9clar\u00e9 Jean-Luc Boch, pr\u00e9sident de l\u2019association professionnelle <span data-lab-italic=\"italic\" class=\"italic m-italic\">France Montagne<\/span>, \u00e0 <span data-lab-italic=\"italic\" class=\"italic m-italic\">FranceInfo<\/span>.<\/p>\n<p>Une soci\u00e9t\u00e9 d\u2019h\u00e9bergement pour stations de ski, Pierre et Vacances, rapporte que ses taux d\u2019occupation ont atteint 97% pendant les vacances de No\u00ebl, soit une hausse par rapport \u00e0 la m\u00eame p\u00e9riode l\u2019an dernier.<\/p>\n<p>La dur\u00e9e moyenne de s\u00e9jour a \u00e9galement augment\u00e9, tandis que le montant d\u00e9pens\u00e9 par s\u00e9jour a progress\u00e9 de 8% d&rsquo;une ann\u00e9e sur l&rsquo;autre, apr\u00e8s l\u2019ouverture par l\u2019entreprise d\u2019une nouvelle r\u00e9sidence quatre \u00e9toiles, a d\u00e9clar\u00e9 le directeur <span data-lab-italic=\"italic\" class=\"italic m-italic\">Gr\u00e9gory Sion<\/span>.<\/p>\n<p>Il a ajout\u00e9 que bon nombre de r\u00e9servations provenaient des clients de l\u2019ann\u00e9e derni\u00e8re apr\u00e8s que d\u00e9cembre 2024 avait b\u00e9n\u00e9fici\u00e9 d\u2019un excellent enneigement, et que ces clients avaient fait passer le mot \u00e0 des amis et \u00e0 leur famille, ce qui a entra\u00een\u00e9 davantage de r\u00e9servations pour 2025-2026.<\/p>\n<p>En fait, selon le <span data-lab-italic=\"italic\" class=\"italic m-italic\">Barom\u00e8tre Montagne Hiver<\/span> <span data-lab-font_weight=\"font-weight-bold\" class=\"font-weight-bold m-font-weight-bold\">2025-2026 rapport<\/span>, publi\u00e9 en novembre 2025*, 10% des personnes qui vont en montagne cette ann\u00e9e seront des visiteurs pour la premi\u00e8re fois.<\/p>\n<h2>Pas de neige, pas de probl\u00e8me ?<\/h2>\n<p>No\u00ebl 2024-2025 a connu un enneigement meilleur que celui de 2025-2026, mais la quantit\u00e9 moindre de neige cette saison (pour l\u2019instant) n\u2019a pas sembl\u00e9 nuire aux r\u00e9sultats.<\/p>\n<p>\u00ab Certaines stations n\u2019avaient pas n\u00e9cessairement une couverture de neige tr\u00e8s bonne, mais cela n\u2019a pas pos\u00e9 de probl\u00e8mes pour les r\u00e9servations \u00bb, a d\u00e9clar\u00e9 M. Boch. \u00ab Les gens viennent ici pour profiter de leurs vacances, avec ou sans neige. \u00bb<\/p>\n<p>En fait, pr\u00e8s d\u2019un tiers des Fran\u00e7ais qui se rendent \u00e0 la montagne pour les vacances d\u2019hiver ne pr\u00e9voient pas de skier, selon le barom\u00e8tre Discurv.<\/p>\n<p>Pour pr\u00e8s de 30% des r\u00e9pondants, des vacances d\u2019hiver ne signifient pas n\u00e9cessairement des activit\u00e9s bas\u00e9es sur le ski ou m\u00eame sur la neige. En r\u00e9alit\u00e9, plus de la moiti\u00e9 (54%) recherchent \u00ab des bienfaits de la montagne \u00bb et veulent d\u00e9couvrir \u00ab une autre facette des montagnes \u00bb plut\u00f4t que de pratiquer uniquement des \u00ab sports de neige \u00bb. <\/p>\n<p>Le barom\u00e8tre a r\u00e9v\u00e9l\u00e9 que \u00ab les activit\u00e9s non li\u00e9es au ski [sont] en hausse \u00bb et que \u00ab les vacanciers accordent une plus grande attention \u00e0 la durabilit\u00e9 et \u00e0 la responsabilit\u00e9 environnementale \u00bb. <\/p>\n<p>L\u2019\u00e9tude a montr\u00e9 :<\/p>\n<ul>\n<li>\n<p>63% optent pour la randonn\u00e9e et la raquette<\/p>\n<\/li>\n<li>\n<p>55% pour la cuisine locale<\/p>\n<\/li>\n<li>\n<p>43% pour le bien-\u00eatre, les spas et les bains thermaux<\/p>\n<\/li>\n<li>\n<p>29% pour la culture et l\u2019artisanat<\/p>\n<\/li>\n<\/ul>\n<p>Tout cela survient alors que de nombreuses stations commencent \u00e0 diversifier leur offre, la neige devenant moins pr\u00e9visible en raison du changement climatique.<\/p>\n<p>Des estimations sugg\u00e8rent que d\u2019ici 2050, de nombreuses grandes stations en France devront diversifier leurs activit\u00e9s, passant des sports d\u2019hiver \u00e0 des activit\u00e9s estivales et \u00e0 des attractions touristiques alternatives afin de survivre.<\/p>\n<p>Au d\u00e9but de la saison 2024-2025, la plus grande station de ski des Pyr\u00e9n\u00e9es &#8211; Grandvalira, en Andorre &#8211; a \u00e9t\u00e9 contrainte de retarder sa date d\u2019ouverture pr\u00e9vue en raison d\u2019un manque de neige.<\/p>\n<p class=\"italic m-italic\" data-lab-italic=\"italic\">*\u00c9tude r\u00e9alis\u00e9e aupr\u00e8s d\u2019un \u00e9chantillon repr\u00e9sentatif de 1 000 personnes r\u00e9sidant en France, \u00e2g\u00e9es de 18 ans et plus.<\/p>\n<\/div>\n","protected":false},"excerpt":{"rendered":"<p>Les r\u00e9servations augmentent et les activit\u00e9s non li\u00e9es \u00e0 la neige connaissent \u00e9galement une hausse Les stations de ski en France enregistrent une p\u00e9riode de No\u00ebl dynamique avec des taux d&rsquo;occupation \u00e9lev\u00e9s dans les h\u00f4tels, davantage de visites et des s\u00e9jours plus longs dans l\u2019ensemble \u2013 malgr\u00e9 un enneigement moins abondant cette ann\u00e9e par rapport [&hellip;]<\/p>\n","protected":false},"author":1,"featured_media":806,"comment_status":"open","ping_status":"open","sticky":false,"template":"","format":"standard","meta":{"footnotes":""},"categories":[1],"tags":[383,1060,313,367,586,362,1061,18,36],"class_list":["post-805","post","type-post","status-publish","format-standard","has-post-thumbnail","hentry","category-non-classe","tag-demande","tag-forte","tag-francaises","tag-malgre","tag-neige","tag-noel","tag-peu","tag-ski","tag-stations"],"_links":{"self":[{"href":"https:\/\/www.rachida-dati.eu\/actualites\/wp-json\/wp\/v2\/posts\/805","targetHints":{"allow":["GET"]}}],"collection":[{"href":"https:\/\/www.rachida-dati.eu\/actualites\/wp-json\/wp\/v2\/posts"}],"about":[{"href":"https:\/\/www.rachida-dati.eu\/actualites\/wp-json\/wp\/v2\/types\/post"}],"author":[{"embeddable":true,"href":"https:\/\/www.rachida-dati.eu\/actualites\/wp-json\/wp\/v2\/users\/1"}],"replies":[{"embeddable":true,"href":"https:\/\/www.rachida-dati.eu\/actualites\/wp-json\/wp\/v2\/comments?post=805"}],"version-history":[{"count":1,"href":"https:\/\/www.rachida-dati.eu\/actualites\/wp-json\/wp\/v2\/posts\/805\/revisions"}],"predecessor-version":[{"id":807,"href":"https:\/\/www.rachida-dati.eu\/actualites\/wp-json\/wp\/v2\/posts\/805\/revisions\/807"}],"wp:featuredmedia":[{"embeddable":true,"href":"https:\/\/www.rachida-dati.eu\/actualites\/wp-json\/wp\/v2\/media\/806"}],"wp:attachment":[{"href":"https:\/\/www.rachida-dati.eu\/actualites\/wp-json\/wp\/v2\/media?parent=805"}],"wp:term":[{"taxonomy":"category","embeddable":true,"href":"https:\/\/www.rachida-dati.eu\/actualites\/wp-json\/wp\/v2\/categories?post=805"},{"taxonomy":"post_tag","embeddable":true,"href":"https:\/\/www.rachida-dati.eu\/actualites\/wp-json\/wp\/v2\/tags?post=805"}],"curies":[{"name":"wp","href":"https:\/\/api.w.org\/{rel}","templated":true}]}}