{"id":808,"date":"2026-01-08T22:43:45","date_gmt":"2026-01-08T21:43:45","guid":{"rendered":"https:\/\/www.rachida-dati.eu\/actualites\/blocages-routiers-majeurs-et-convois-de-tracteurs-en-direction-de-paris\/"},"modified":"2026-01-08T22:43:45","modified_gmt":"2026-01-08T21:43:45","slug":"blocages-routiers-majeurs-et-convois-de-tracteurs-en-direction-de-paris","status":"publish","type":"post","link":"https:\/\/www.rachida-dati.eu\/actualites\/blocages-routiers-majeurs-et-convois-de-tracteurs-en-direction-de-paris\/","title":{"rendered":"Blocages routiers majeurs et convois de tracteurs en direction de Paris"},"content":{"rendered":"<div data-element-guid=\"7f7332a5-aca0-4fee-9990-ec700b171346\">\n<h2 class=\"subtitle \" style=\"\">Des convois de tracteurs en direction de Paris avant une grande manifestation pr\u00e9vue jeudi<\/h2>\n<\/p>\n<\/div>\n<div data-element-guid=\"d6ee7dd6-c999-47f7-b1f2-8ab4a756b1f0\">\n<p><!-- placeholder(#1) --><\/p>\n<p>Des convois de tracteurs se dirigent vers Paris avant une importante manifestation pr\u00e9vue jeudi (8 janvier), malgr\u00e9 plusieurs interdictions limitant leur mouvement.<\/p>\n<p>La Coordination rurale a maintenu son appel \u00e0 l&rsquo;action de jeudi, des agriculteurs venus de Pyr\u00e9n\u00e9es-Atlantiques, des Alpes-Maritimes et m\u00eame Corse d\u00e9part pour la capitale en d\u00e9but de semaine.\u00a0<\/p>\n<p>Des agriculteurs des d\u00e9partements plus proches de Paris devraient se rendre \u00e0 la capitale aujourd&rsquo;hui.\u00a0<\/p>\n<p>\u00ab Nous avons peut-\u00eatre perdu certains membres [\u00e0 cause des restrictions pr\u00e9fectorales], mais nous arriverons \u00e0 Paris pour faire entendre nos griefs \u00bb, a d\u00e9clar\u00e9 le pr\u00e9sident du syndicat Bertrand Venteau \u00e0 France Inter ce matin. \u00ab Nous allons gagner \u00bb, a-t-il ajout\u00e9.<\/p>\n<p>Des agriculteurs \u00e0 travers le pays manifestent contre \u00e0 la fois le traitement des bovins atteints de la maladie de la peau bossell\u00e9e \u2013 c\u2019est un probl\u00e8me particulier dans le sud, o\u00f9 la maladie est plus r\u00e9pandue \u2013 ainsi que l\u2019accord de libre-\u00e9change UE-Mercosur.\u00a0<\/p>\n<p>Un vote cl\u00e9 <span data-lab-font_weight=\"font-weight-bold\" class=\"font-weight-bold m-font-weight-bold\">\u00e0 l\u2019\u00e9chelle de l\u2019UE sur l\u2019accord aura lieu demain<\/span>, et s\u2019il est adopt\u00e9, l\u2019accord pourrait \u00eatre sign\u00e9 d\u00e8s le 12 janvier.<\/p>\n<p>Si le vote passe \u2013 que la France vote ou non en faveur \u2013 cela pourrait entra\u00eener une col\u00e8re plus large dans le secteur et davantage de protestations \u00e0 partir du week-end.<\/p>\n<h2>Blocage de Toulouse<\/h2>\n<p>Des appels \u00e0 bloquer Toulouse, lanc\u00e9s par les responsables locaux des quatre principaux syndicats agricoles de France, ont \u00e9t\u00e9 entendus ce matin.<\/p>\n<p>Des tracteurs bloquent le p\u00e9riph\u00e9rique entourant la ville de Toulouse dans la Haute-Garonne \u00e0 plusieurs endroits, provoquant un trafic en forte congestion dans l\u2019ensemble des zones.<\/p>\n<p>Certaines barricades ont vu des balles de foin br\u00fblantes utilis\u00e9es pour bloquer les sorties routi\u00e8res.<\/p>\n<p>L\u2019action a eu lieu malgr\u00e9 l\u2019interdiction par la pr\u00e9fecture de la Haute-Garonne de former des convois de tracteurs jusqu\u2019\u00e0 jeudi soir.<\/p>\n<p>Par ailleurs, les tracteurs qui avaient pr\u00e9vu de se diriger vers la capitale ont \u00e9t\u00e9 stopp\u00e9s par des agents de police et barricadent d\u00e9sormais d\u2019autres routes, y compris la N124, l\u2019A66 et l\u2019A61.<\/p>\n<p>\u00ab Nous ne quitterons pas la N124, la principale voie d\u2019acc\u00e8s \u00e0 Toulouse, tant que l\u2019abattage total du b\u00e9tail atteint par la maladie de la peau bossell\u00e9e ne sera pas arr\u00eat\u00e9 \u00bb, a d\u00e9clar\u00e9 le pr\u00e9sident de la section Gers de la Coordination rurale, Lionel Candelon.<\/p>\n<p>Les manifestants \u00ab disposent de tout ce qu\u2019il faut pour rester en place pendant une semaine ou deux \u00bb, a-t-il d\u00e9clar\u00e9, malgr\u00e9 le froid.<\/p>\n<p>Toulouse est le point focal pour les agriculteurs de plusieurs d\u00e9partements de la r\u00e9gion, notamment le Gers.<\/p>\n<p>Les convois visent \u00e0 cr\u00e9er \u00ab une paralysie progressive de la ville \u00bb, a ajout\u00e9 M. Candelon.<\/p>\n<p>Aux c\u00f4t\u00e9s des convois, les protestations d\u2019agriculteurs dans la r\u00e9gion ont \u00e9galement \u00e9t\u00e9 interdites par la pr\u00e9fecture, donnant aux forces de l\u2019ordre des droits plus \u00e9tendus pour disperser les manifestants.<\/p>\n<p>Par ailleurs, l\u2019A64 au sud de la ville reste bloqu\u00e9e, et des agriculteurs dans l\u2019H\u00e9rault m\u00e8nent une protestation \u00ab escargot \u00bb avec des tracteurs extr\u00eamement lents pr\u00e8s de Montpellier.<\/p>\n<p>Les blocages au sud de Lyon persistent sur la M7, ainsi que d\u2019autres sur l\u2019A51. Cependant, un blocage sur l\u2019A7, principal, a \u00e9t\u00e9 lev\u00e9 mardi.<\/p>\n<p>D\u2019autres blocages sur l\u2019A79, l\u2019A31 et l\u2019A84 sont \u00e9galement en place.<\/p>\n<p>Dans les d\u00e9partements plus proches de la capitale, la plupart des agriculteurs pr\u00e9voient de protester en ville, bien que dans les Hauts-de-France des manifestations soient attendues \u00e0 Amiens aujourd\u2019hui.<\/p>\n<p>Les conducteurs peuvent consulter <span data-lab-font_weight=\"font-weight-bold\" class=\"font-weight-bold m-font-weight-bold\">notre article<\/span> pour suivre en temps r\u00e9el les lieux des blocages sur le r\u00e9seau routier fran\u00e7ais.<\/p>\n<\/div>\n","protected":false},"excerpt":{"rendered":"<p>Des convois de tracteurs en direction de Paris avant une grande manifestation pr\u00e9vue jeudi Des convois de tracteurs se dirigent vers Paris avant une importante manifestation pr\u00e9vue jeudi (8 janvier), malgr\u00e9 plusieurs interdictions limitant leur mouvement. La Coordination rurale a maintenu son appel \u00e0 l&rsquo;action de jeudi, des agriculteurs venus de Pyr\u00e9n\u00e9es-Atlantiques, des Alpes-Maritimes et [&hellip;]<\/p>\n","protected":false},"author":1,"featured_media":809,"comment_status":"open","ping_status":"open","sticky":false,"template":"","format":"standard","meta":{"footnotes":""},"categories":[1],"tags":[791,1063,1064,1062,10,607,462],"class_list":["post-808","post","type-post","status-publish","format-standard","has-post-thumbnail","hentry","category-non-classe","tag-blocages","tag-convois","tag-direction","tag-majeurs","tag-paris","tag-routiers","tag-tracteurs"],"_links":{"self":[{"href":"https:\/\/www.rachida-dati.eu\/actualites\/wp-json\/wp\/v2\/posts\/808","targetHints":{"allow":["GET"]}}],"collection":[{"href":"https:\/\/www.rachida-dati.eu\/actualites\/wp-json\/wp\/v2\/posts"}],"about":[{"href":"https:\/\/www.rachida-dati.eu\/actualites\/wp-json\/wp\/v2\/types\/post"}],"author":[{"embeddable":true,"href":"https:\/\/www.rachida-dati.eu\/actualites\/wp-json\/wp\/v2\/users\/1"}],"replies":[{"embeddable":true,"href":"https:\/\/www.rachida-dati.eu\/actualites\/wp-json\/wp\/v2\/comments?post=808"}],"version-history":[{"count":1,"href":"https:\/\/www.rachida-dati.eu\/actualites\/wp-json\/wp\/v2\/posts\/808\/revisions"}],"predecessor-version":[{"id":810,"href":"https:\/\/www.rachida-dati.eu\/actualites\/wp-json\/wp\/v2\/posts\/808\/revisions\/810"}],"wp:featuredmedia":[{"embeddable":true,"href":"https:\/\/www.rachida-dati.eu\/actualites\/wp-json\/wp\/v2\/media\/809"}],"wp:attachment":[{"href":"https:\/\/www.rachida-dati.eu\/actualites\/wp-json\/wp\/v2\/media?parent=808"}],"wp:term":[{"taxonomy":"category","embeddable":true,"href":"https:\/\/www.rachida-dati.eu\/actualites\/wp-json\/wp\/v2\/categories?post=808"},{"taxonomy":"post_tag","embeddable":true,"href":"https:\/\/www.rachida-dati.eu\/actualites\/wp-json\/wp\/v2\/tags?post=808"}],"curies":[{"name":"wp","href":"https:\/\/api.w.org\/{rel}","templated":true}]}}