{"id":811,"date":"2026-01-09T03:48:06","date_gmt":"2026-01-09T02:48:06","guid":{"rendered":"https:\/\/www.rachida-dati.eu\/actualites\/photos-epoustouflantes-de-la-vendee-a-la-champagne\/"},"modified":"2026-01-09T03:48:07","modified_gmt":"2026-01-09T02:48:07","slug":"photos-epoustouflantes-de-la-vendee-a-la-champagne","status":"publish","type":"post","link":"https:\/\/www.rachida-dati.eu\/actualites\/photos-epoustouflantes-de-la-vendee-a-la-champagne\/","title":{"rendered":"Photos \u00e9poustouflantes de la Vend\u00e9e \u00e0 la Champagne"},"content":{"rendered":"<div id=\"main\">\n<div data-element-guid=\"7f7332a5-aca0-4fee-9990-ec700b171346\" class=\"articleHeader column hasCaption\">\n<h2 class=\"subtitle \" style=\"\">Images hivernales de la Vend\u00e9e \u00e0 la Champagne<\/h2>\n<\/p>\n<\/div>\n<div data-element-guid=\"d4eec1c8-cbe1-466d-e257-1b8a60e86071\" class=\"bodytext large-12 small-12 medium-12\">\n<p><!-- placeholder(#1) --><\/p>\n<figure data-element-guid=\"d2774565-2a7f-40a1-8f59-a057b02911ff\" class=\"column desktop-floatLeft mobile-floatLeft small-12 large-8 small-abs-12 large-abs-8\">\n<div class=\"content \" style=\"\">\n<div class=\"img fullwidthTarget\">\n            <picture><source  width=\"706\" height=\"939\" media=\"(min-width: 768px)\" type=\"image\/webp\"><source  width=\"706\" height=\"939\" media=\"(min-width: 768px)\" type=\"image\/jpeg\"><source  width=\"480\" height=\"639\" media=\"(max-width: 767px)\" type=\"image\/webp\"><source  width=\"480\" height=\"639\" media=\"(max-width: 767px)\" type=\"image\/jpeg\"><\/source><\/source><\/source><\/source><\/picture>\n                    <\/div>\n<\/p><\/div>\n<\/figure>\n<p>Merci aux lecteurs de <span data-lab-italic=\"italic\" class=\"italic m-italic\">Connexion <\/span>qui ont partag\u00e9 des photos montrant les r\u00e9centes chutes de neige \u00e0 travers la France.<\/p>\n<p>Plusieurs jours de neige prolong\u00e9e, jusqu\u2019au sud aussi loin que la Nouvelle-Aquitaine, ont <span data-lab-font_weight=\"font-weight-bold\" class=\"font-weight-bold m-font-weight-bold\">entra\u00een\u00e9 des perturbations pour les voyageurs<\/span> &#8211; mais ont offert le d\u00e9cor de paysages hivernaux paisibles \u00e0 travers le pays.\u00a0<\/p>\n<p>Voici quelques-unes de nos pr\u00e9f\u00e9r\u00e9es.<\/p>\n<p><span data-lab-font_weight=\"font-weight-bold\" class=\"font-weight-bold m-font-weight-bold\">B.M.<\/span> a montr\u00e9 des vignes gel\u00e9es dans la r\u00e9gion de Cognac ce matin (7 janvier) apr\u00e8s des temp\u00e9ratures nocturnes extr\u00eamement basses.<\/p>\n<figure data-element-guid=\"c70c8653-a059-4514-822f-85de3a70bb67\" class=\"column desktop-floatLeft mobile-floatLeft small-12 large-4 small-abs-12 large-abs-4\">\n<div class=\"content \" style=\"\">\n<div class=\"img fullwidthTarget\">\n            <picture><source  width=\"353\" height=\"470\" media=\"(min-width: 768px)\" type=\"image\/webp\"><source  width=\"353\" height=\"470\" media=\"(min-width: 768px)\" type=\"image\/jpeg\"><source  width=\"480\" height=\"639\" media=\"(max-width: 767px)\" type=\"image\/webp\"><source  width=\"480\" height=\"639\" media=\"(max-width: 767px)\" type=\"image\/jpeg\"><img decoding=\"async\" src=\"https:\/\/www.rachida-dati.eu\/actualites\/wp-content\/uploads\/2026\/01\/1767926885_752_Photos-epoustouflantes-de-la-Vendee-a-la-Champagne.00&#038;width=960&#038;height=1278&#038;format=jpg.jpeg\" width=\"480\" height=\"639\" title=\"B.M.\" alt=\"\" loading=\"lazy\" style=\"\"\/><br \/>\n            <\/source><\/source><\/source><\/source><\/picture>\n                    <\/div>\n<\/p><\/div>\n<\/figure>\n<p><span data-lab-font_weight=\"font-weight-bold\" class=\"font-weight-bold m-font-weight-bold\">M.E.<\/span> a envoy\u00e9 une photo des champs enneig\u00e9s de la Vend\u00e9e apr\u00e8s les chutes de neige de lundi soir.<\/p>\n<figure data-element-guid=\"97827e39-b3be-4301-ab76-c82b2ce1b151\" class=\"column desktop-floatLeft mobile-floatLeft small-12 large-8 small-abs-12 large-abs-8\">\n<div class=\"content \" style=\"\">\n<div class=\"img fullwidthTarget\">\n            <picture><source  width=\"706\" height=\"530\" media=\"(min-width: 768px)\" type=\"image\/webp\"><source  width=\"706\" height=\"530\" media=\"(min-width: 768px)\" type=\"image\/jpeg\"><source  width=\"480\" height=\"360\" media=\"(max-width: 767px)\" type=\"image\/webp\"><source  width=\"480\" height=\"360\" media=\"(max-width: 767px)\" type=\"image\/jpeg\"><img decoding=\"async\" src=\"https:\/\/www.rachida-dati.eu\/actualites\/wp-content\/uploads\/2026\/01\/Photos-epoustouflantes-de-la-Vendee-a-la-Champagne.00&#038;width=960&#038;height=720&#038;format=jpg.jpeg\" width=\"480\" height=\"360\" title=\"M.E.\" alt=\"\" loading=\"lazy\" style=\"\"\/><br \/>\n            <\/source><\/source><\/source><\/source><\/picture>\n                    <\/div>\n<\/p><\/div>\n<\/figure>\n<p>Dans la Vienne voisine, <span data-lab-font_weight=\"font-weight-bold\" class=\"font-weight-bold m-font-weight-bold\">K.H<\/span>. a pris une photo t\u00f4t le matin lundi et a d\u00e9clar\u00e9 avoir \u00ab jamais vu un givre comme \u00e7a \u00bb. <\/p>\n<p>Plus \u00e0 l\u2019est,\u00a0<span data-lab-font_weight=\"font-weight-bold\" class=\"font-weight-bold m-font-weight-bold\">I.C.<\/span> a montr\u00e9 les paysages hivernaux en Champagne apr\u00e8s les premi\u00e8res chutes de neige du week-end. <\/p>\n<figure data-element-guid=\"ff04d3bc-76ab-45d4-9f27-ec635244bda4\" class=\"column desktop-floatLeft mobile-floatLeft small-12 large-8 small-abs-12 large-abs-8\">\n<div class=\"content \" style=\"\">\n<div class=\"img fullwidthTarget\">\n            <picture><source  width=\"706\" height=\"403\" media=\"(min-width: 768px)\" type=\"image\/webp\"><source  width=\"706\" height=\"403\" media=\"(min-width: 768px)\" type=\"image\/jpeg\"><source  width=\"480\" height=\"274\" media=\"(max-width: 767px)\" type=\"image\/webp\"><source  width=\"480\" height=\"274\" media=\"(max-width: 767px)\" type=\"image\/jpeg\"><img decoding=\"async\" src=\"https:\/\/www.rachida-dati.eu\/actualites\/wp-content\/uploads\/2026\/01\/Photos-epoustouflantes-de-la-Vendee-a-la-Champagne.webp.jpeg\" width=\"480\" height=\"274\" title=\"I.C.\" alt=\"\" loading=\"lazy\" style=\"\"\/><br \/>\n            <\/source><\/source><\/source><\/source><\/picture>\n                    <\/div>\n<\/p><\/div>\n<\/figure>\n<figure data-element-guid=\"7b9b63fa-b547-4fa8-94f9-5bc8e2292f78\" class=\"column desktop-floatLeft mobile-floatLeft small-12 large-8 small-abs-12 large-abs-8\">\n<div class=\"content \" style=\"\">\n<div class=\"img fullwidthTarget\">\n            <picture><source  width=\"706\" height=\"939\" media=\"(min-width: 768px)\" type=\"image\/webp\"><source  width=\"706\" height=\"939\" media=\"(min-width: 768px)\" type=\"image\/jpeg\"><source  width=\"480\" height=\"639\" media=\"(max-width: 767px)\" type=\"image\/webp\"><source  width=\"480\" height=\"639\" media=\"(max-width: 767px)\" type=\"image\/jpeg\"><img decoding=\"async\" src=\"https:\/\/www.rachida-dati.eu\/actualites\/wp-content\/uploads\/2026\/01\/1767926886_24_Photos-epoustouflantes-de-la-Vendee-a-la-Champagne.00&#038;width=960&#038;height=1278&#038;format=jpg.jpeg\" width=\"480\" height=\"639\" title=\"K.H.\" alt=\"\" loading=\"lazy\" style=\"\"\/><br \/>\n            <\/source><\/source><\/source><\/source><\/picture>\n                    <\/div>\n<\/p><\/div>\n<\/figure>\n<p>Regardant plus loin avant le Nouvel An, <span data-lab-font_weight=\"font-weight-bold\" class=\"font-weight-bold m-font-weight-bold\">R.F.<\/span> a b\u00e9n\u00e9fici\u00e9 d\u2019un No\u00ebl blanc dans le Maine-et-Loire.\u00a0<\/p>\n<figure data-element-guid=\"be826099-7f63-468e-8bf7-3214b2f2c3e3\" class=\"column desktop-floatLeft mobile-floatLeft small-12 large-8 small-abs-12 large-abs-8\">\n<div class=\"content \" style=\"\">\n<div class=\"img fullwidthTarget\">\n            <picture><source  width=\"706\" height=\"579\" media=\"(min-width: 768px)\" type=\"image\/webp\"><source  width=\"706\" height=\"579\" media=\"(min-width: 768px)\" type=\"image\/jpeg\"><source  width=\"480\" height=\"394\" media=\"(max-width: 767px)\" type=\"image\/webp\"><source  width=\"480\" height=\"394\" media=\"(max-width: 767px)\" type=\"image\/jpeg\"><img decoding=\"async\" src=\"https:\/\/www.rachida-dati.eu\/actualites\/wp-content\/uploads\/2026\/01\/Photos-epoustouflantes-de-la-Vendee-a-la-Champagne.00&#038;width=960&#038;height=788&#038;format=jpg.jpeg\" width=\"480\" height=\"394\" title=\"R.F.\" alt=\"\" loading=\"lazy\" style=\"\"\/><br \/>\n            <\/source><\/source><\/source><\/source><\/picture>\n                    <\/div>\n<\/p><\/div>\n<\/figure>\n<p>Brittany a connu une rare neige c\u00f4ti\u00e8re au d\u00e9but de cette semaine, ainsi que d\u2019importants saupoudrages plus loin vers l\u2019int\u00e9rieur dans le Morbihan, comme l\u2019a partag\u00e9 <span data-lab-font_weight=\"font-weight-bold\" class=\"font-weight-bold m-font-weight-bold\">G.F.<\/span> avec nous.<\/p>\n<figure data-element-guid=\"e3fbc115-316b-4a27-aa39-61d98c511775\" class=\"column desktop-floatLeft mobile-floatLeft small-12 large-8 small-abs-12 large-abs-8\">\n<div class=\"content \" style=\"\">\n<div class=\"img fullwidthTarget\">\n            <picture><source  width=\"706\" height=\"452\" media=\"(min-width: 768px)\" type=\"image\/webp\"><source  width=\"706\" height=\"452\" media=\"(min-width: 768px)\" type=\"image\/jpeg\"><source  width=\"480\" height=\"308\" media=\"(max-width: 767px)\" type=\"image\/webp\"><source  width=\"480\" height=\"308\" media=\"(max-width: 767px)\" type=\"image\/jpeg\"><img decoding=\"async\" src=\"https:\/\/www.rachida-dati.eu\/actualites\/wp-content\/uploads\/2026\/01\/Photos-epoustouflantes-de-la-Vendee-a-la-Champagne.00&#038;width=960&#038;height=616&#038;format=jpg.jpeg\" width=\"480\" height=\"308\" title=\"G.F.\" alt=\"\" loading=\"lazy\" style=\"\"\/><br \/>\n            <\/source><\/source><\/source><\/source><\/picture>\n                    <\/div>\n<\/p><\/div>\n<\/figure>\n<p class=\"no_italic m-no_italic font-weight-normal m-font-weight-normal\" data-lab-font_weight=\"font-weight-normal\" data-lab-italic=\"\">Suite \u00e0 notre premier appel, <span data-lab-font_weight=\"font-weight-bold\" class=\"font-weight-bold m-font-weight-bold\">L.S.<\/span> a envoy\u00e9 d\u2019autres photos neigeuses de la Vend\u00e9e.<\/p>\n<figure data-element-guid=\"95f01f0b-91e5-4a26-8c13-07e7eb41f7b6\" class=\"column desktop-floatLeft mobile-floatLeft small-12 large-8 small-abs-12 large-abs-8\">\n<div class=\"content \" style=\"\">\n<div class=\"img fullwidthTarget\">\n            <picture><source  width=\"706\" height=\"403\" media=\"(min-width: 768px)\" type=\"image\/webp\"><source  width=\"706\" height=\"403\" media=\"(min-width: 768px)\" type=\"image\/jpeg\"><source  width=\"480\" height=\"274\" media=\"(max-width: 767px)\" type=\"image\/webp\"><source  width=\"480\" height=\"274\" media=\"(max-width: 767px)\" type=\"image\/jpeg\"><img decoding=\"async\" src=\"https:\/\/www.rachida-dati.eu\/actualites\/wp-content\/uploads\/2026\/01\/1767926886_216_Photos-epoustouflantes-de-la-Vendee-a-la-Champagne.webp.jpeg\" width=\"480\" height=\"274\" title=\"L.S.\" alt=\"\" loading=\"lazy\" style=\"\"\/><br \/>\n            <\/source><\/source><\/source><\/source><\/picture>\n                    <\/div>\n<\/p><\/div>\n<\/figure>\n<p class=\"font-weight-bold m-font-weight-bold italic m-italic\" data-lab-font_weight=\"font-weight-bold\" data-lab-italic=\"italic\">Partagez vos photos de la neige avec nous \u00e0 l\u2019adresse feedback@connexionfrance.com <\/p>\n<\/div><\/div>\n","protected":false},"excerpt":{"rendered":"<p>Images hivernales de la Vend\u00e9e \u00e0 la Champagne Merci aux lecteurs de Connexion qui ont partag\u00e9 des photos montrant les r\u00e9centes chutes de neige \u00e0 travers la France. Plusieurs jours de neige prolong\u00e9e, jusqu\u2019au sud aussi loin que la Nouvelle-Aquitaine, ont entra\u00een\u00e9 des perturbations pour les voyageurs &#8211; mais ont offert le d\u00e9cor de paysages [&hellip;]<\/p>\n","protected":false},"author":1,"featured_media":812,"comment_status":"open","ping_status":"open","sticky":false,"template":"","format":"standard","meta":{"footnotes":""},"categories":[1],"tags":[1068,1066,1065,1067],"class_list":["post-811","post","type-post","status-publish","format-standard","has-post-thumbnail","hentry","category-non-classe","tag-champagne","tag-epoustouflantes","tag-photos","tag-vendee"],"_links":{"self":[{"href":"https:\/\/www.rachida-dati.eu\/actualites\/wp-json\/wp\/v2\/posts\/811","targetHints":{"allow":["GET"]}}],"collection":[{"href":"https:\/\/www.rachida-dati.eu\/actualites\/wp-json\/wp\/v2\/posts"}],"about":[{"href":"https:\/\/www.rachida-dati.eu\/actualites\/wp-json\/wp\/v2\/types\/post"}],"author":[{"embeddable":true,"href":"https:\/\/www.rachida-dati.eu\/actualites\/wp-json\/wp\/v2\/users\/1"}],"replies":[{"embeddable":true,"href":"https:\/\/www.rachida-dati.eu\/actualites\/wp-json\/wp\/v2\/comments?post=811"}],"version-history":[{"count":1,"href":"https:\/\/www.rachida-dati.eu\/actualites\/wp-json\/wp\/v2\/posts\/811\/revisions"}],"predecessor-version":[{"id":813,"href":"https:\/\/www.rachida-dati.eu\/actualites\/wp-json\/wp\/v2\/posts\/811\/revisions\/813"}],"wp:featuredmedia":[{"embeddable":true,"href":"https:\/\/www.rachida-dati.eu\/actualites\/wp-json\/wp\/v2\/media\/812"}],"wp:attachment":[{"href":"https:\/\/www.rachida-dati.eu\/actualites\/wp-json\/wp\/v2\/media?parent=811"}],"wp:term":[{"taxonomy":"category","embeddable":true,"href":"https:\/\/www.rachida-dati.eu\/actualites\/wp-json\/wp\/v2\/categories?post=811"},{"taxonomy":"post_tag","embeddable":true,"href":"https:\/\/www.rachida-dati.eu\/actualites\/wp-json\/wp\/v2\/tags?post=811"}],"curies":[{"name":"wp","href":"https:\/\/api.w.org\/{rel}","templated":true}]}}