{"id":814,"date":"2026-01-09T10:20:47","date_gmt":"2026-01-09T09:20:47","guid":{"rendered":"https:\/\/www.rachida-dati.eu\/actualites\/vols-annules-et-routes-fermees\/"},"modified":"2026-01-09T10:20:47","modified_gmt":"2026-01-09T09:20:47","slug":"vols-annules-et-routes-fermees","status":"publish","type":"post","link":"https:\/\/www.rachida-dati.eu\/actualites\/vols-annules-et-routes-fermees\/","title":{"rendered":"Vols annul\u00e9s et routes ferm\u00e9es"},"content":{"rendered":"<div data-element-guid=\"7f7332a5-aca0-4fee-9990-ec700b171346\">\n<h2 class=\"subtitle \" style=\"\">Jusqu&rsquo;\u00e0 15 cm de neige attendus dans certaines parties du nord<\/h2>\n<\/p>\n<\/div>\n<div data-element-guid=\"bfd439ad-af47-4556-ddec-3f02fbd47e8b\">\n<p><!-- placeholder(#1) --><\/p>\n<p>Les voyageurs en France font face \u00e0 de nouvelles perturbations li\u00e9es \u00e0 la neige aujourd&rsquo;hui (7 janvier), apr\u00e8s une nouvelle pouss\u00e9e de neige pendant la nuit provoquant des probl\u00e8mes renouvel\u00e9s sur les routes.<\/p>\n<p>Plus de neige est attendue pour une troisi\u00e8me journ\u00e9e cons\u00e9cutive aujourd&rsquo;hui, avec jusqu&rsquo;\u00e0 15 cm pr\u00e9vus dans certaines zones du nord.<\/p>\n<p>L&rsquo;autoroute A8 en direction sud vers Aix-en-Provence et Marseille a \u00e9t\u00e9 ferm\u00e9e ce matin \u00e0 la suite d&rsquo;une s\u00e9rie d&rsquo;accidents li\u00e9s aux conditions m\u00e9t\u00e9orologiques.<\/p>\n<p>Elle devrait rouvrir vers 15h00.<\/p>\n<p>Des limites de vitesse sont en place autour de Paris, avec une vitesse maximale de 70 km\/h sur toutes les routes jusqu&rsquo;\u00e0 20h00 ce soir. Des panneaux \u00e9lectroniques informeront les conducteurs des limitations pr\u00e8s de la capitale.<\/p>\n<p>Jusqu&rsquo;\u00e0 1 500 km de circulation a \u00e9t\u00e9 enregistr\u00e9e ce matin en \u00cele-de-France en raison de v\u00e9hicules se d\u00e9pla\u00e7ant beaucoup plus lentement que d&rsquo;habitude.<\/p>\n<p>Les itin\u00e9raires de bus dans la capitale \u2013 fortement restreints hier \u2013 reprendront progressivement leurs activit\u00e9s au cours de la journ\u00e9e. En revanche, \u00e0 Lille, tous les circuits de bus sont temporairement suspendus.<\/p>\n<p>Des p\u00e9riodes de pluie vergla\u00e7ante en Nouvelle-Aquitaine devraient augmenter les risques pour les automobilistes, les conditions devenant particuli\u00e8rement dangereuses.<\/p>\n<p>Le pr\u00e9visionniste La Cha\u00eene M\u00e9t\u00e9o, appartenant au Figaro, a conseill\u00e9 aux personnes vivant dans les d\u00e9partements touch\u00e9s par la neige et la pluie vergla\u00e7ante d&rsquo;\u00e9viter de prendre la route sauf si c&rsquo;est strictement n\u00e9cessaire.<\/p>\n<p>Il s&rsquo;agit apr\u00e8s <span data-lab-font_weight=\"font-weight-bold\" class=\"font-weight-bold m-font-weight-bold\">six d\u00e9c\u00e8s li\u00e9s \u00e0 la conduite<\/span> caus\u00e9s par les conditions m\u00e9t\u00e9orologiques lundi et mardi, dont trois dans les Landes.<\/p>\n<p>Plusieurs accidents ont \u00e9t\u00e9 enregistr\u00e9s ce matin en raison de la neige, notamment sur l&rsquo;A8 ainsi que dans le Pas-de-Calais. Davantage d&rsquo;informations devraient suivre plus tard dans la journ\u00e9e.<\/p>\n<h2>Alerte pour routes glac\u00e9es et verglas en place<\/h2>\n<p>Des alertes orange de niveau trois renforc\u00e9es pour routes glac\u00e9es et verglas (neige-verglas) sont en place dans 38 d\u00e9partements, allant de la fronti\u00e8re allemande jusqu&rsquo;\u00e0 Corr\u00e8ze et Charente.<\/p>\n<p>Les avertissements seront lev\u00e9s progressivement au cours de la journ\u00e9e, mais \u00e0 partir de 14h00, ils devraient rester en vigueur jusqu&rsquo;\u00e0 minuit dans trois d\u00e9partements: Corr\u00e8ze, Haute-Vienne et Creuse. Ces localit\u00e9s ont vu la neige fra\u00eeche commencer vers 10h00, et les camions lourds ont \u00e9t\u00e9 contraints de s&rsquo;arr\u00eater sur le bord de la route en raison des conditions.<\/p>\n<p>Plusieurs lignes de trains sont perturb\u00e9es au centre et \u00e0 l&rsquo;ouest, notamment la ligne Bordeaux-La Rochelle, Orl\u00e9ans-Nantes et Tours-Angers.<\/p>\n<p>Des itin\u00e9raires hors de Paris vers l&rsquo;ouest, notamment vers Orl\u00e9ans et Le Mans, ainsi que vers l&rsquo;est vers Mulhouse et Strasbourg, connaissent des retards ce matin.<\/p>\n<p>Aucun TGV \u00e0 grande vitesse n&rsquo;est affect\u00e9, bien que beaucoup soient limit\u00e9s \u00e0 des vitesses inf\u00e9rieures \u00e0 l&rsquo;habitude, ce qui peut entra\u00eener des retards dans les trajets.<\/p>\n<p>Des vols \u00e0 destination et au d\u00e9part des deux principaux a\u00e9roports de Paris sont perturb\u00e9s.<\/p>\n<p>L&rsquo;Autorit\u00e9 fran\u00e7aise de l&rsquo;aviation civile invite les personnes qui pr\u00e9voient de voyager aujourd&rsquo;hui \u00e0 contacter leur compagnie a\u00e9rienne pour des mises \u00e0 jour, avec jusqu&rsquo;\u00e0 40% des vols au d\u00e9part de Paris Charles de Gaulle et 25% au d\u00e9part de Paris Orly pr\u00e9vus \u00eatre annul\u00e9s ce matin.<\/p>\n<p>Des itin\u00e9raires vers et depuis l&rsquo;a\u00e9roport de Nantes sont \u00e9galement perturb\u00e9s jusqu&rsquo;\u00e0 midi environ.<\/p>\n<h2>Neige \u00e0 nouveau tout au long de la journ\u00e9e<\/h2>\n<p>Jusqu&rsquo;\u00e0 15 cm de neige ont \u00e9t\u00e9 observ\u00e9s dans les Ardennes pendant la nuit, alors que les chutes de neige, qui ont commenc\u00e9 dans le nord, se d\u00e9pla\u00e7aient progressivement vers le sud.<\/p>\n<p>Cependant, dans certains endroits comme Dunkerque, les chutes de neige n&rsquo;ont commenc\u00e9 qu&rsquo;autour de 06h00. Certaines maisons de la r\u00e9gion se sont retrouv\u00e9es sans chauffage la nuit derni\u00e8re en raison d&rsquo;un probl\u00e8me technique.<\/p>\n<p>La neige devrait continuer \u00e0 tomber jusqu&rsquo;\u00e0 environ midi dans le nord et l&rsquo;ouest, avant de se d\u00e9placer lentement vers l&rsquo;est pour couvrir les zones centrales et orientales, et continuera jusqu&rsquo;\u00e0 environ 18 h.<\/p>\n<p>Le graphique ci-dessous montre les pr\u00e9cipitations attendues aujourd&rsquo;hui, bien que dans certaines zones rurales, les chutes de neige puissent \u00eatre l\u00e9g\u00e8rement plus importantes \u2013 par exemple, jusqu&rsquo;\u00e0 10 cm de neige sont attendus dans la Champagne cet apr\u00e8s-midi.<\/p>\n<figure data-element-guid=\"ddcfc6c3-7e73-4d68-953c-9b4d4284add2\" class=\"column desktop-floatLeft mobile-floatLeft small-12 large-8 small-abs-12 large-abs-8\">\n<div class=\"content \" style=\"\">\n<div class=\"img fullwidthTarget\">\n            <picture><source  width=\"706\" height=\"749\" media=\"(min-width: 768px)\" type=\"image\/webp\"><source  width=\"706\" height=\"749\" media=\"(min-width: 768px)\" type=\"image\/jpeg\"><source  width=\"480\" height=\"509\" media=\"(max-width: 767px)\" type=\"image\/webp\"><source  width=\"480\" height=\"509\" media=\"(max-width: 767px)\" type=\"image\/jpeg\"><\/source><\/source><\/source><\/source><\/picture>\n                    <\/div>\n<\/p><\/div>\n<\/figure>\n<p>En soir\u00e9e, la neige sera limit\u00e9e \u00e0 une l\u00e9g\u00e8re neige nocturne pr\u00e8s de la fronti\u00e8re allemande, mais \u00e0 partir de jeudi elle devrait prendre fin.<\/p>\n<p>Des temp\u00e9ratures extr\u00eamement froides cette nuit marqueront la fin de la p\u00e9riode de grand froid, car les temp\u00e9ratures devraient remonter demain \u00e0 mesure que les r\u00e9gimes de vent actuellement au-dessus de la France seront repouss\u00e9s hors du pays.<\/p>\n<p>\u00c0 midi, environ 2 000 foyers dans l&rsquo;ouest de la France \u00e9taient sans \u00e9lectricit\u00e9, des probl\u00e8mes directement li\u00e9s aux conditions m\u00e9t\u00e9orologiques.<\/p>\n<p>M\u00e9t\u00e9o-France a \u00e9t\u00e9 critiqu\u00e9e par le ministre des Transports, Philippe Tabarot, pour avoir sous-estim\u00e9 le niveau de neige au d\u00e9but de cette semaine. Le pr\u00e9visionniste a r\u00e9pondu en disant qu&rsquo;il avait averti d&rsquo;importantes chutes de neige depuis samedi et que c&rsquo;\u00e9tait \u00ab complexe \u00bb de pr\u00e9dire ce type de ph\u00e9nom\u00e8ne avec pr\u00e9cision.<\/p>\n<p class=\"italic m-italic font-weight-bold m-font-weight-bold\" data-lab-italic=\"italic\" data-lab-font_weight=\"font-weight-bold\">Les lecteurs de Connexion ont partag\u00e9 leurs photos de la France enneig\u00e9e. Partagez vos photos de la neige avec nous via feedback@connexionfrance.com<\/p>\n<\/div>\n","protected":false},"excerpt":{"rendered":"<p>Jusqu&rsquo;\u00e0 15 cm de neige attendus dans certaines parties du nord Les voyageurs en France font face \u00e0 de nouvelles perturbations li\u00e9es \u00e0 la neige aujourd&rsquo;hui (7 janvier), apr\u00e8s une nouvelle pouss\u00e9e de neige pendant la nuit provoquant des probl\u00e8mes renouvel\u00e9s sur les routes. Plus de neige est attendue pour une troisi\u00e8me journ\u00e9e cons\u00e9cutive aujourd&rsquo;hui, [&hellip;]<\/p>\n","protected":false},"author":1,"featured_media":815,"comment_status":"open","ping_status":"open","sticky":false,"template":"","format":"standard","meta":{"footnotes":""},"categories":[1],"tags":[1069,1070,138,288],"class_list":["post-814","post","type-post","status-publish","format-standard","has-post-thumbnail","hentry","category-non-classe","tag-annules","tag-fermees","tag-routes","tag-vols"],"_links":{"self":[{"href":"https:\/\/www.rachida-dati.eu\/actualites\/wp-json\/wp\/v2\/posts\/814","targetHints":{"allow":["GET"]}}],"collection":[{"href":"https:\/\/www.rachida-dati.eu\/actualites\/wp-json\/wp\/v2\/posts"}],"about":[{"href":"https:\/\/www.rachida-dati.eu\/actualites\/wp-json\/wp\/v2\/types\/post"}],"author":[{"embeddable":true,"href":"https:\/\/www.rachida-dati.eu\/actualites\/wp-json\/wp\/v2\/users\/1"}],"replies":[{"embeddable":true,"href":"https:\/\/www.rachida-dati.eu\/actualites\/wp-json\/wp\/v2\/comments?post=814"}],"version-history":[{"count":1,"href":"https:\/\/www.rachida-dati.eu\/actualites\/wp-json\/wp\/v2\/posts\/814\/revisions"}],"predecessor-version":[{"id":816,"href":"https:\/\/www.rachida-dati.eu\/actualites\/wp-json\/wp\/v2\/posts\/814\/revisions\/816"}],"wp:featuredmedia":[{"embeddable":true,"href":"https:\/\/www.rachida-dati.eu\/actualites\/wp-json\/wp\/v2\/media\/815"}],"wp:attachment":[{"href":"https:\/\/www.rachida-dati.eu\/actualites\/wp-json\/wp\/v2\/media?parent=814"}],"wp:term":[{"taxonomy":"category","embeddable":true,"href":"https:\/\/www.rachida-dati.eu\/actualites\/wp-json\/wp\/v2\/categories?post=814"},{"taxonomy":"post_tag","embeddable":true,"href":"https:\/\/www.rachida-dati.eu\/actualites\/wp-json\/wp\/v2\/tags?post=814"}],"curies":[{"name":"wp","href":"https:\/\/api.w.org\/{rel}","templated":true}]}}