{"id":823,"date":"2026-01-10T03:44:12","date_gmt":"2026-01-10T02:44:12","guid":{"rendered":"https:\/\/www.rachida-dati.eu\/actualites\/fortes-chutes-de-neige-perturbent-les-transports-a-travers-la-france-dautres-chutes-de-neige-attendues\/"},"modified":"2026-01-10T03:44:12","modified_gmt":"2026-01-10T02:44:12","slug":"fortes-chutes-de-neige-perturbent-les-transports-a-travers-la-france-dautres-chutes-de-neige-attendues","status":"publish","type":"post","link":"https:\/\/www.rachida-dati.eu\/actualites\/fortes-chutes-de-neige-perturbent-les-transports-a-travers-la-france-dautres-chutes-de-neige-attendues\/","title":{"rendered":"Fortes chutes de neige perturbent les transports \u00e0 travers la France, d&rsquo;autres chutes de neige attendues."},"content":{"rendered":"<div data-element-guid=\"7f7332a5-aca0-4fee-9990-ec700b171346\">\n<h2 class=\"subtitle \" style=\"\">Plus de 1 000 kilom\u00e8tres d&#8217;embouteillages ont \u00e9t\u00e9 enregistr\u00e9s dans la r\u00e9gion parisienne. Certaines routes sont ferm\u00e9es et les vols, les bus et les trains sont affect\u00e9s, avec six d\u00e9c\u00e8s enregistr\u00e9s<\/h2>\n<\/p>\n<\/div>\n<div data-element-guid=\"1bc8bbb4-5891-452f-cc9f-c8bdc7c2dba9\">\n<p><!-- placeholder(#1) --><\/p>\n<p class=\"font-weight-bold m-font-weight-bold\" data-lab-font_weight=\"font-weight-bold\">Mise \u00e0 jour 16:00 : Environ 40 % des vols au d\u00e9part de l&rsquo;a\u00e9roport Paris-Charles de Gaulle et environ 25 % de ceux au d\u00e9part de Paris-Orly ont \u00e9t\u00e9 annul\u00e9s mercredi. Les vols concern\u00e9s devaient quitter entre 09h00 et 14h00.<\/p>\n<p class=\"font-weight-bold m-font-weight-bold\" data-lab-font_weight=\"font-weight-bold\">Les voyageurs doivent v\u00e9rifier aupr\u00e8s de leur compagnie a\u00e9rienne s&rsquo;ils sont touch\u00e9s.<\/p>\n<p>La neige continue de provoquer d&rsquo;importantes perturbations des transports aujourd&rsquo;hui (6 janvier) dans de nombreuses zones de France apr\u00e8s une nouvelle chutte pendant la nuit.<\/p>\n<p>Jusqu&rsquo;\u00e0 30 cm de neige sont tomb\u00e9s dans certaines zones de Charente-Maritime hier et d&rsquo;autres chutes de neige sont attendues ce soir.<\/p>\n<p>Six d\u00e9c\u00e8s ont \u00e9t\u00e9 signal\u00e9s en lien avec les conditions m\u00e9t\u00e9orologiques ; trois lundi et trois mardi matin.<\/p>\n<p>Un accident lundi apr\u00e8s-midi a vu un camion d\u00e9raper et quitter la chauss\u00e9e pr\u00e8s de Presles-en-Brie (Seine-et-Marne) et entrer en collision avec une fourgonnette roulant dans la direction oppos\u00e9e. Le chauffeur de la fourgonnette est d\u00e9c\u00e9d\u00e9 et deux autres personnes ont \u00e9t\u00e9 bless\u00e9es.<\/p>\n<p>Un chauffeur de VTC est \u00e9galement d\u00e9c\u00e9d\u00e9 pr\u00e8s de la capitale apr\u00e8s que son v\u00e9hicule a d\u00e9rap\u00e9 et est tomb\u00e9 dans la rivi\u00e8re Marne. Le passager qu&rsquo;il transportait a r\u00e9ussi \u00e0 s&rsquo;\u00e9chapper et a \u00e9t\u00e9 hospitalis\u00e9 apr\u00e8s avoir souffert d&rsquo;une hypothermie s\u00e9v\u00e8re, toutefois le conducteur n&rsquo;a pas pu sortir de la voiture et a \u00e9t\u00e9 retrouv\u00e9 dans la rivi\u00e8re par les services d&rsquo;urgence.<\/p>\n<p>Un jeune motard en Bretagne est mort apr\u00e8s \u00eatre tomb\u00e9 sur des routes verglac\u00e9es pr\u00e8s de Rennes lundi soir.<\/p>\n<p>Un deuxi\u00e8me grave accident dans la r\u00e9gion a \u00e9t\u00e9 \u00e9vit\u00e9 de justesse lorsqu&rsquo;un train et une voiture se sont percut\u00e9s \u00e0 un passage \u00e0 niveau, mais le conducteur du v\u00e9hicule a pu sortir \u00e0 temps et personne n&rsquo;a \u00e9t\u00e9 gri\u00e8vement bless\u00e9.<\/p>\n<p>Mardi matin, trois personnes sont mortes dans le d\u00e9partement des Landes \u00e0 la suite d&rsquo;accidents distincts li\u00e9s \u00e0 des conditions de chauss\u00e9e verglac\u00e9e.<\/p>\n<p>Une collision entre deux cars FlixBus sur l&rsquo;A63 a fait deux morts, le chauffeur d&rsquo;un poids lourd sur la D824 ayant \u00e9galement \u00e9t\u00e9 d\u00e9clar\u00e9 mort par la pr\u00e9fecture locale \u00e0 la suite d&rsquo;un incident distinct.<\/p>\n<p>Le crash du FlixBus a fait entre 50 et 70 bless\u00e9s, dont trois gri\u00e8vement, et des centaines de voitures et camions sur la route ont \u00e9t\u00e9 endommag\u00e9s, et l&rsquo;A63 est temporairement ferm\u00e9e dans certaines zones.<\/p>\n<p>Les services d&rsquo;urgence ont eu du mal \u00e0 arriver rapidement en raison des conditions m\u00e9t\u00e9orologiques s\u00e9v\u00e8res dans la r\u00e9gion.<\/p>\n<\/div>\n<div data-element-guid=\"f479839b-14c6-4729-a1bb-076bed714a34\" class=\"column desktop-floatLeft mobile-floatLeft small-12 large-8 small-abs-12 large-abs-8\">\n<div class=\"content \" style=\"\">\n<div class=\"img fullwidthTarget\">\n            <picture><source  width=\"706\" height=\"403\" media=\"(min-width: 768px)\" type=\"image\/webp\"><source  width=\"706\" height=\"403\" media=\"(min-width: 768px)\" type=\"image\/jpeg\"><source  width=\"480\" height=\"274\" media=\"(max-width: 767px)\" type=\"image\/webp\"><source  width=\"480\" height=\"274\" media=\"(max-width: 767px)\" type=\"image\/jpeg\"><\/source><\/source><\/source><\/source><\/picture>\n                    <\/div>\n<\/p><\/div>\n<\/figure>\n<p>\u00c0 Paris et dans les d\u00e9partements voisins, la majorit\u00e9 des lignes de bus est annul\u00e9e ce matin, avec seulement environ 30 lignes encore en fonctionnement. L&rsquo;exploitant RATP a d\u00e9clar\u00e9 que les trajets devraient reprendre plus tard dans la journ\u00e9e. Certaines lignes de RER et Transilien locales sont \u00e9galement touch\u00e9es.<\/p>\n<p>On demande aux travailleurs de privil\u00e9gier le t\u00e9l\u00e9travail lorsque cela est possible.<\/p>\n<p>Les a\u00e9roports ont \u00e9galement \u00e9t\u00e9 touch\u00e9s, avec environ 15 % des vols au d\u00e9part des deux principaux a\u00e9roports de Paris annul\u00e9s afin de permettre de d\u00e9gager les pistes de neige.\u00a0<\/p>\n<p>Les vols \u00e0 destination et en provenance de l&rsquo;a\u00e9roport de Nantes ce matin ont \u00e9t\u00e9 annul\u00e9s apr\u00e8s la fermeture de la seule piste lundi soir en raison de la neige. \u00c0 partir de 10:15, tous les vols \u00e0 destination et en provenance de l&rsquo;a\u00e9roport jusqu&rsquo;\u00e0 environ 16:00 sont soit retard\u00e9s soit annul\u00e9s, y compris plusieurs trajets vers le Royaume-Uni.<\/p>\n<p>Les voyageurs sont aujourd&rsquo;hui invit\u00e9s \u00e0 se tenir inform\u00e9s aupr\u00e8s de leur compagnie a\u00e9rienne.<\/p>\n<p>Les avertissements se poursuivent pour les conducteurs, avec plus de 1 000 km d&#8217;embouteillages enregistr\u00e9s hier soir dans la r\u00e9gion \u00cele-de-France.<\/p>\n<p>Des avertissements orange de niveau trois pour neige et verglas ont \u00e9t\u00e9 \u00e9mis pour mercredi matin dans 38 d\u00e9partements, mais ont \u00e9t\u00e9 lev\u00e9s pour mardi.<\/p>\n<p>Le plan \u00ab neige et verglas \u00bb reste en place dans la capitale et ses environs, avec des limitations de vitesse r\u00e9duites \u00e0 80 km\/h sur les autoroutes et autres grandes routes.<\/p>\n<p>Plusieurs autres d\u00e9partements ont annul\u00e9 les services de transport scolaire pour les enfants, et il existe des restrictions sur certains v\u00e9hicules lourds dans les r\u00e9gions Bretagne et autres zones.<\/p>\n<p>Certaines routes sont temporairement ferm\u00e9es, y compris des portions de l&rsquo;A10 \u2013 les conseils pour <span data-lab-font_weight=\"font-weight-bold\" class=\"font-weight-bold m-font-weight-bold\">aider \u00e0 suivre les fermetures de routes pendant les protestations agricoles<\/span> peuvent \u00e9galement \u00eatre utilis\u00e9s pendant les \u00e9pisodes m\u00e9t\u00e9orologiques pour v\u00e9rifier les conditions routi\u00e8res en direct pr\u00e8s de chez vous.<\/p>\n<p>Une liste compl\u00e8te des restrictions de conduite peut \u00eatre consult\u00e9e via le diffuseur public FranceInfo.<\/p>\n<p>Aucune nouvelle neige n&rsquo;est attendue aujourd&rsquo;hui, mais <span data-lab-font_weight=\"font-weight-bold\" class=\"font-weight-bold m-font-weight-bold\">une nouvelle vague est pr\u00e9vue dans la nuit<\/span>, s&rsquo;\u00e9tendant de Lille jusqu&rsquo;\u00e0 Toulouse.<\/p>\n<p>Fortes chutes de neige \u00e0 Paris, en Normandie et sur la c\u00f4te atlantique<\/p>\n<p>Les chutes de neige d&rsquo;hier soir ont \u00e9t\u00e9 particuli\u00e8rement importantes dans certaines parties de l&rsquo;ouest, la Charente et d&rsquo;autres d\u00e9partements de l&rsquo;ouest ayant enregistr\u00e9 environ 10 cm.<\/p>\n<p>Dans la Charente-Maritime, jusqu&rsquo;\u00e0 15 cm ont \u00e9t\u00e9 enregistr\u00e9s dans La Rochelle en bord de mer, et jusqu&rsquo;\u00e0 30 cm dans le nord rural du d\u00e9partement, les pr\u00e9cipitations \u00e9tant bien plus fortes que pr\u00e9vu initialement.<\/p>\n<p>Quelques foyers ont \u00e9t\u00e9 priv\u00e9s d&rsquo;\u00e9lectricit\u00e9 dans le d\u00e9partement pendant la neige.<\/p>\n<p>La Vend\u00e9e voisine a \u00e9galement connu de fortes chutes de neige au cours de la nuit.<\/p>\n<div data-element-guid=\"e922d9f4-a45f-44e5-806e-b0b885ae0648\" class=\"columns btxt_row row small-12 large-8 desktop-floatLeft mobile-floatLeft\" style=\"\">\n<div data-element-guid=\"c3b2eb02-90a5-48c9-a00b-925f7ec87293\" id=\"markup_762428\" class=\"markupbox column small-12 large-12 small-abs-12 large-abs-8\">\n<div class=\"content fullwidthTarget\" style=\"\">\n<blockquote class=\"twitter-tweet\">\n<p lang=\"fr\" dir=\"ltr\">\u2744\ufe0f La Rochelle recouverte par 15 cm de neige ce matin du 6 janvier ! L&rsquo;\u00e9pisode neigeux a \u00e9t\u00e9 remarquable en Charente-Maritime ! (\u00a9 David Jb) <a rel=\"nofollow\" href=\"https:\/\/t.co\/pe9Rsq9CjO\">pic.twitter.com\/pe9Rsq9CjO<\/a><\/p>\n<p>\u2014 M\u00e9t\u00e9o Express (@MeteoExpress) <a rel=\"nofollow\" href=\"https:\/\/twitter.com\/MeteoExpress\/status\/2008433331705147530?ref_src=twsrc%5Etfw\">January 6, 2026<\/a><\/p><\/blockquote><\/div>\n<\/div>\n<\/div>\n<p>Malgr\u00e9 les difficult\u00e9s de transport, certaines personnes ont appr\u00e9ci\u00e9 la neige, profitant de l&rsquo;occasion pour prendre des photos.<\/p>\n<p>Cela incluait la capitale, o\u00f9 les chutes de neige ont \u00e9t\u00e9 suffisamment abondantes pour offrir un manteau rare sur les monuments c\u00e9l\u00e8bres.<\/p>\n<p>En Normandie, les abbayes et les \u00e9glises \u00e9taient recouvertes d&rsquo;un \u00e9pais manteau de neige, et en Bretagne la neige est tomb\u00e9e sur des plages d\u00e9sertes.<\/p>\n<div data-element-guid=\"672bd7f5-efd2-4fc4-849d-bdc2d5cd34e1\" class=\"columns btxt_row row small-12 large-8 desktop-floatLeft mobile-floatLeft\" style=\"\">\n<div data-element-guid=\"a36a277b-5c48-4d4e-89a3-febd54a59999\" id=\"markup_762434\" class=\"markupbox column small-12 large-12 small-abs-12 large-abs-8\">\n<div class=\"content fullwidthTarget\" style=\"\">\n<blockquote class=\"twitter-tweet\">\n<p lang=\"fr\" dir=\"ltr\">De nouveau la neige en <a rel=\"nofollow\" href=\"https:\/\/twitter.com\/hashtag\/Normandie?src=hash&amp;ref_src=twsrc%5Etfw\">#Normandie<\/a>&#8230; Les abbayes de Normandie sous un manteau blanc ! Snow again in Normandy&#8230; The abbeys of Normandy under a white blanket! <a rel=\"nofollow\" href=\"https:\/\/twitter.com\/hashtag\/neige?src=hash&amp;ref_src=twsrc%5Etfw\">#neige<\/a> <a rel=\"nofollow\" href=\"https:\/\/twitter.com\/hashtag\/Hiver?src=hash&amp;ref_src=twsrc%5Etfw\">#Hiver<\/a> <a rel=\"nofollow\" href=\"https:\/\/twitter.com\/hashtag\/Abbaye?src=hash&amp;ref_src=twsrc%5Etfw\">#Abbaye<\/a>(Cr\u00e9dits photos : 1\/Abbaye St Georges de Boscherville, 2\/Mika\u00ebl Chapatte, 3: M.Leprieur 4\/P.Pradi\u00e9) <a rel=\"nofollow\" href=\"https:\/\/t.co\/xaMFPWXnku\">pic.twitter.com\/xaMFPWXnku<\/a><\/p>\n<p>\u2014 Abbayes de Normandie (@AbbayeNormandie) <a rel=\"nofollow\" href=\"https:\/\/twitter.com\/AbbayeNormandie\/status\/2008124023348322532?ref_src=twsrc%5Etfw\">January 5, 2026<\/a><\/p><\/blockquote><\/div>\n<\/div>\n<\/div>\n<\/div>\n<p><script async src=\"https:\/\/platform.twitter.com\/widgets.js\" charset=\"utf-8\"><\/script><\/p>\n","protected":false},"excerpt":{"rendered":"<p>Plus de 1 000 kilom\u00e8tres d&#8217;embouteillages ont \u00e9t\u00e9 enregistr\u00e9s dans la r\u00e9gion parisienne. Certaines routes sont ferm\u00e9es et les vols, les bus et les trains sont affect\u00e9s, avec six d\u00e9c\u00e8s enregistr\u00e9s Mise \u00e0 jour 16:00 : Environ 40 % des vols au d\u00e9part de l&rsquo;a\u00e9roport Paris-Charles de Gaulle et environ 25 % de ceux au [&hellip;]<\/p>\n","protected":false},"author":1,"featured_media":824,"comment_status":"open","ping_status":"open","sticky":false,"template":"","format":"standard","meta":{"footnotes":""},"categories":[1],"tags":[1086,1083,1085,1082,37,35,586,988,511,1084],"class_list":["post-823","post","type-post","status-publish","format-standard","has-post-thumbnail","hentry","category-non-classe","tag-attendues","tag-chutes","tag-dautres","tag-fortes","tag-france","tag-les","tag-neige","tag-perturbent","tag-transports","tag-travers"],"_links":{"self":[{"href":"https:\/\/www.rachida-dati.eu\/actualites\/wp-json\/wp\/v2\/posts\/823","targetHints":{"allow":["GET"]}}],"collection":[{"href":"https:\/\/www.rachida-dati.eu\/actualites\/wp-json\/wp\/v2\/posts"}],"about":[{"href":"https:\/\/www.rachida-dati.eu\/actualites\/wp-json\/wp\/v2\/types\/post"}],"author":[{"embeddable":true,"href":"https:\/\/www.rachida-dati.eu\/actualites\/wp-json\/wp\/v2\/users\/1"}],"replies":[{"embeddable":true,"href":"https:\/\/www.rachida-dati.eu\/actualites\/wp-json\/wp\/v2\/comments?post=823"}],"version-history":[{"count":1,"href":"https:\/\/www.rachida-dati.eu\/actualites\/wp-json\/wp\/v2\/posts\/823\/revisions"}],"predecessor-version":[{"id":825,"href":"https:\/\/www.rachida-dati.eu\/actualites\/wp-json\/wp\/v2\/posts\/823\/revisions\/825"}],"wp:featuredmedia":[{"embeddable":true,"href":"https:\/\/www.rachida-dati.eu\/actualites\/wp-json\/wp\/v2\/media\/824"}],"wp:attachment":[{"href":"https:\/\/www.rachida-dati.eu\/actualites\/wp-json\/wp\/v2\/media?parent=823"}],"wp:term":[{"taxonomy":"category","embeddable":true,"href":"https:\/\/www.rachida-dati.eu\/actualites\/wp-json\/wp\/v2\/categories?post=823"},{"taxonomy":"post_tag","embeddable":true,"href":"https:\/\/www.rachida-dati.eu\/actualites\/wp-json\/wp\/v2\/tags?post=823"}],"curies":[{"name":"wp","href":"https:\/\/api.w.org\/{rel}","templated":true}]}}