{"id":829,"date":"2026-01-10T13:58:01","date_gmt":"2026-01-10T12:58:01","guid":{"rendered":"https:\/\/www.rachida-dati.eu\/actualites\/obstacles-et-perturbations-a-travers-les-regions\/"},"modified":"2026-01-10T13:58:01","modified_gmt":"2026-01-10T12:58:01","slug":"obstacles-et-perturbations-a-travers-les-regions","status":"publish","type":"post","link":"https:\/\/www.rachida-dati.eu\/actualites\/obstacles-et-perturbations-a-travers-les-regions\/","title":{"rendered":"Obstacles et perturbations \u00e0 travers les r\u00e9gions"},"content":{"rendered":"<div data-element-guid=\"7f7332a5-aca0-4fee-9990-ec700b171346\">\n<h2 class=\"subtitle \" style=\"\">Une grande manifestation est pr\u00e9vue \u00e0 Paris ainsi qu\u2019un \u00ab si\u00e8ge \u00bb de Toulouse<\/h2>\n<\/p>\n<\/div>\n<div data-element-guid=\"460c4919-8b48-4cbd-e30a-50a661160b88\">\n<p><!-- placeholder(#1) --><\/p>\n<p>Les agriculteurs fran\u00e7ais relancent leur action de protestation, avec de nouvelles manifestations organis\u00e9es dans plusieurs r\u00e9gions.<\/p>\n<p>Le Premier ministre S\u00e9bastien Lecornu poursuit des rencontres avec les dirigeants syndicaux aujourd&rsquo;hui (6 janvier), toutefois aucun signe ne montre que les agriculteurs comptent c\u00e9der dans leur action.<\/p>\n<p>Les quatre principaux syndicats agricoles appellent leurs membres \u00e0 manifester, que ce soit au niveau local ou national.<\/p>\n<p>Une grande manifestation est pr\u00e9vue \u00e0 Paris jeudi (8 janvier), bien que de nombreuses pr\u00e9fectures envisagent d&rsquo;interdire ou de fortement restreindre le passage des convois de tracteurs sur leur territoire, y compris dans la r\u00e9gion Nouvelle-Aquitaine.<\/p>\n<p>Cependant, les agriculteurs des d\u00e9partements tels que la Dordogne et les Pyr\u00e9n\u00e9es-Atlantiques sont d\u00e9j\u00e0 partis pour se rendre \u00e0 Paris, le trajet devant durer plusieurs jours.<\/p>\n<p>Alors que les interdictions de convois peuvent limiter le nombre d&rsquo;agriculteurs qui atteindront la capitale, elles pourraient conduire \u00e0 des affrontements entre manifestants et forces de l&rsquo;ordre.<\/p>\n<p>Les agriculteurs protestent contre le traitement des bovins atteints de la maladie de la peau bossel\u00e9e, et contre le vote sur le libre-\u00e9change UE-Mercosur pr\u00e9vu le 9 janvier.<\/p>\n<p>M. Lecornu hier a offert des concessions aux agriculteurs <span data-lab-font_weight=\"font-weight-bold\" class=\"font-weight-bold m-font-weight-bold\">sous forme de contr\u00f4les plus stricts sur certaines importations alimentaires d&rsquo;Am\u00e9rique du Sud<\/span>, bien que cela n&rsquo;ait pas apais\u00e9 la col\u00e8re.<\/p>\n<h2>Trains perturb\u00e9s, autoroutes bloqu\u00e9es, Toulouse va \u00eatre \u00ab assi\u00e9g\u00e9e \u00bb<\/h2>\n<p>Alors que les syndicats rencontrent le gouvernement au niveau national, les sections locales multiplient les protestations et les perturbations par divers moyens.\u00a0<\/p>\n<p>Des blocages ont \u00e9t\u00e9 instaur\u00e9s sur les autoroutes &#8211; toutefois, contrairement \u00e0 d\u00e9cembre, cette forme de manifestation est pour l\u2019instant principalement concentr\u00e9e \u00e0 l\u2019est.<\/p>\n<p>L\u2019A7 reste bloqu\u00e9e dans plusieurs secteurs, et l\u2019A51 est \u00e9galement touch\u00e9e. Un blocus sur l\u2019A43 a \u00e9t\u00e9 lev\u00e9 par les forces de l\u2019ordre.<\/p>\n<p>Les blocages sur l\u2019A7 au sud de Lyon perturbent gravement les v\u00e9hicules qui tentent d\u2019entrer dans la ville, ajoutant environ 50 minutes au temps de trajet.<\/p>\n<p>Si vous voyagez dans les prochains jours, il est recommand\u00e9 de <span data-lab-font_weight=\"font-weight-bold\" class=\"font-weight-bold m-font-weight-bold\">v\u00e9rifier \u00e0 l&rsquo;avance votre itin\u00e9raire afin d&rsquo;\u00e9viter les perturbations<\/span>.<\/p>\n<p>Des ponts en Normandie, y compris le Pont d\u2019Angleterre dans le Calvados, sont bloqu\u00e9s, tout comme plusieurs routes menant vers Caen et en sortant.<\/p>\n<p>Les agriculteurs affirment \u00eatre d\u00e9termin\u00e9s \u00e0 rester en place malgr\u00e9 le froid et les conditions neigeuses.<\/p>\n<p>En Haute-Sa\u00f4ne, les agriculteurs ont manifest\u00e9 sur des ronds-points en allumant des feux.<\/p>\n<p>En Occitanie, les trains r\u00e9gionaux TER entre Auch et L\u2019Isle-Jourdain seront perturb\u00e9s jusqu&rsquo;\u00e0 au moins jeudi en raison des agriculteurs pla\u00e7ant des obstacles sur les voies ferr\u00e9es.<\/p>\n<p>Les sections locales appellent \u00e0 un \u00ab blocage complet \u00bb des routes entrant et sortant de Toulouse alors qu\u2019un convoi descend sur la ville mercredi matin.<\/p>\n<p>L\u2019appel a \u00e9t\u00e9 lanc\u00e9 par les quatre principaux syndicats agricoles et devrait causer de graves perturbations.<\/p>\n<p>Cependant, la Haute-Garonne est l\u2019une des pr\u00e9fectures qui a temporairement interdit les convois de tracteurs, de sorte que les forces de l\u2019ordre pourraient \u00eatre sur place pour pr\u00e9venir toute perturbation.<\/p>\n<p>Ailleurs dans la r\u00e9gion, plusieurs manifestations devant des pr\u00e9fectures locales ou des postes publics dans la Haute-Garonne, l\u2019Ari\u00e8ge et le Tarn sont pr\u00e9vues.<\/p>\n<\/div>\n","protected":false},"excerpt":{"rendered":"<p>Une grande manifestation est pr\u00e9vue \u00e0 Paris ainsi qu\u2019un \u00ab si\u00e8ge \u00bb de Toulouse Les agriculteurs fran\u00e7ais relancent leur action de protestation, avec de nouvelles manifestations organis\u00e9es dans plusieurs r\u00e9gions. Le Premier ministre S\u00e9bastien Lecornu poursuit des rencontres avec les dirigeants syndicaux aujourd&rsquo;hui (6 janvier), toutefois aucun signe ne montre que les agriculteurs comptent c\u00e9der [&hellip;]<\/p>\n","protected":false},"author":1,"featured_media":830,"comment_status":"open","ping_status":"open","sticky":false,"template":"","format":"standard","meta":{"footnotes":""},"categories":[1],"tags":[35,1090,185,561,1084],"class_list":["post-829","post","type-post","status-publish","format-standard","has-post-thumbnail","hentry","category-non-classe","tag-les","tag-obstacles","tag-perturbations","tag-regions","tag-travers"],"_links":{"self":[{"href":"https:\/\/www.rachida-dati.eu\/actualites\/wp-json\/wp\/v2\/posts\/829","targetHints":{"allow":["GET"]}}],"collection":[{"href":"https:\/\/www.rachida-dati.eu\/actualites\/wp-json\/wp\/v2\/posts"}],"about":[{"href":"https:\/\/www.rachida-dati.eu\/actualites\/wp-json\/wp\/v2\/types\/post"}],"author":[{"embeddable":true,"href":"https:\/\/www.rachida-dati.eu\/actualites\/wp-json\/wp\/v2\/users\/1"}],"replies":[{"embeddable":true,"href":"https:\/\/www.rachida-dati.eu\/actualites\/wp-json\/wp\/v2\/comments?post=829"}],"version-history":[{"count":1,"href":"https:\/\/www.rachida-dati.eu\/actualites\/wp-json\/wp\/v2\/posts\/829\/revisions"}],"predecessor-version":[{"id":831,"href":"https:\/\/www.rachida-dati.eu\/actualites\/wp-json\/wp\/v2\/posts\/829\/revisions\/831"}],"wp:featuredmedia":[{"embeddable":true,"href":"https:\/\/www.rachida-dati.eu\/actualites\/wp-json\/wp\/v2\/media\/830"}],"wp:attachment":[{"href":"https:\/\/www.rachida-dati.eu\/actualites\/wp-json\/wp\/v2\/media?parent=829"}],"wp:term":[{"taxonomy":"category","embeddable":true,"href":"https:\/\/www.rachida-dati.eu\/actualites\/wp-json\/wp\/v2\/categories?post=829"},{"taxonomy":"post_tag","embeddable":true,"href":"https:\/\/www.rachida-dati.eu\/actualites\/wp-json\/wp\/v2\/tags?post=829"}],"curies":[{"name":"wp","href":"https:\/\/api.w.org\/{rel}","templated":true}]}}