{"id":832,"date":"2026-01-10T19:46:05","date_gmt":"2026-01-10T18:46:05","guid":{"rendered":"https:\/\/www.rachida-dati.eu\/actualites\/ce-que-les-patients-doivent-savoir-pendant-les-fermetures-des-cabinets-de-medecins-generalistes\/"},"modified":"2026-01-10T19:46:05","modified_gmt":"2026-01-10T18:46:05","slug":"ce-que-les-patients-doivent-savoir-pendant-les-fermetures-des-cabinets-de-medecins-generalistes","status":"publish","type":"post","link":"https:\/\/www.rachida-dati.eu\/actualites\/ce-que-les-patients-doivent-savoir-pendant-les-fermetures-des-cabinets-de-medecins-generalistes\/","title":{"rendered":"Ce que les patients doivent savoir pendant les fermetures des cabinets de m\u00e9decins g\u00e9n\u00e9ralistes"},"content":{"rendered":"<div data-element-guid=\"7f7332a5-aca0-4fee-9990-ec700b171346\">\n<h2 class=\"subtitle \" style=\"\">Les patients n\u00e9cessitant des soins devraient se tourner vers les pharmacies, les m\u00e9decins de garde ou les services d&rsquo;urgence<\/h2>\n<\/p>\n<\/div>\n<div data-element-guid=\"08d3394e-1d7f-4684-a5cf-f20bb6fe202f\">\n<p><!-- placeholder(#1) --><\/p>\n<p>Une p\u00e9nurie de rendez-vous chez les m\u00e9decins g\u00e9n\u00e9ralistes et d&rsquo;autres professionnels de la sant\u00e9 est attendue en France dans les prochains jours, alors que les professionnels de sant\u00e9 entament aujourd&rsquo;hui lundi 5 janvier une gr\u00e8ve majeure de dix jours.<\/p>\n<p>La gr\u00e8ve, protestant contre plusieurs \u00e9l\u00e9ments du budget de la S\u00e9curit\u00e9 sociale qui ont \u00e9t\u00e9 adopt\u00e9s l&rsquo;ann\u00e9e derni\u00e8re, est soutenue par sept syndicats majeurs des &lsquo;m\u00e9decins lib\u00e9raux&rsquo; ou m\u00e9decins ind\u00e9pendants (ceux qui ne travaillent pas directement pour l&rsquo;\u00c9tat dans des \u00e9tablissements publics).<\/p>\n<p>Jusqu&rsquo;\u00e0 85 % des m\u00e9decins de ces syndicats devraient faire gr\u00e8ve, selon la Conf\u00e9d\u00e9ration des syndicats m\u00e9dicaux fran\u00e7ais.<\/p>\n<p>La r\u00e9gion \u00cele-de-France, le groupe &lsquo;Jeunes m\u00e9decins Ile-de-France&rsquo; a lanc\u00e9 un outil en ligne pour recenser le nombre de m\u00e9decins de la r\u00e9gion qui participent \u00e0 la gr\u00e8ve, et plus de 15 000 ont confirm\u00e9 leurs intentions. Il s&rsquo;agit de la majorit\u00e9 des &lsquo;m\u00e9decins lib\u00e9raux&rsquo; et d&rsquo;environ la moiti\u00e9 des m\u00e9decins g\u00e9n\u00e9ralistes de la r\u00e9gion.<\/p>\n<p>Cependant, comme les m\u00e9decins g\u00e9n\u00e9ralistes et les &lsquo;m\u00e9decins lib\u00e9raux&rsquo; n&rsquo;ont pas l&rsquo;obligation d&rsquo;annoncer au gouvernement \u00e0 l&rsquo;avance leur intention de faire gr\u00e8ve, les perturbations exactes dans les diff\u00e9rentes r\u00e9gions ne peuvent pas \u00eatre pr\u00e9vues avec pr\u00e9cision.<\/p>\n<p>Cela signifie que plusieurs cabinets m\u00e9dicaux resteront ferm\u00e9s dans les prochains jours et que, dans certaines situations, les actes non urgents et d&rsquo;autres interventions m\u00e9dicales pourraient \u00e9galement \u00eatre report\u00e9s.<\/p>\n<p>Les professionnels de sant\u00e9 des services d&rsquo;urgence priv\u00e9s et des maternit\u00e9s sont \u00e9galement en gr\u00e8ve, ce qui signifie que les patients n\u00e9cessitant ces services pourraient \u00eatre transf\u00e9r\u00e9s vers des h\u00f4pitaux publics.<\/p>\n<p>Selon le syndicat exact et le sous-secteur, les services pourraient \u00eatre progressivement retir\u00e9s \u00e0 partir du 5 janvier, ou conna\u00eetre un arr\u00eat brutal \u00e0 partir d&rsquo;aujourd&rsquo;hui jusqu&rsquo;au 15 janvier.<\/p>\n<p>Par exemple, certains personnels des &lsquo;blocs op\u00e9ratoires&rsquo; commenceront l&rsquo;action le 5 janvier, en cessant le travail pendant des heures de plus en plus longues jusqu&rsquo;\u00e0 un arr\u00eat total \u00e0 partir du 10 janvier.<\/p>\n<p>La ministre fran\u00e7aise de la Sant\u00e9, St\u00e9phanie Rist, a d\u00e9clar\u00e9 que l&rsquo;\u00c9tat n&rsquo;avait pas exclu de r\u00e9quisitionner des m\u00e9decins pour garantir que ceux qui ont urgemment besoin de rendez-vous puissent \u00eatre vus.<\/p>\n<p>Le gouvernement prend des \u00ab mesures depuis plusieurs jours pour organiser la continuit\u00e9 des soins avec les Agences r\u00e9gionales de sant\u00e9 (ARS), les \u00e9tablissements de sant\u00e9 et les professionnels eux-m\u00eames, afin que nos concitoyens ne soient pas mis en danger pendant cette mobilisation \u00bb, a d\u00e9clar\u00e9 Mme Rist, cit\u00e9e par le m\u00e9dia fran\u00e7ais FranceInfo.<\/p>\n<h2>Que doivent faire les patients ?<\/h2>\n<p>La premi\u00e8re chose \u00e0 noter est que certains m\u00e9decins g\u00e9n\u00e9ralistes et d&rsquo;autres m\u00e9decins ne font pas gr\u00e8ve, et m\u00eame ceux qui le font peuvent continuer \u00e0 assurer des soins en effectuant une &lsquo;gr\u00e8ve administrative&rsquo; (voir des patients mais ne pas remplir les papiers, etc.).<\/p>\n<p>Appelez votre m\u00e9decin g\u00e9n\u00e9raliste ou le cabinet pour v\u00e9rifier si des rendez-vous sont disponibles, car il peut \u00eatre possible de trouver un cr\u00e9neau.<\/p>\n<p>Si vous avez besoin d&rsquo;un rendez-vous mais que votre m\u00e9decin habituel n&rsquo;est pas disponible, vous pouvez v\u00e9rifier sur des sites comme Doctolib s&rsquo;il y en a dans votre r\u00e9gion, bien que ces rendez-vous puissent se remplir rapidement pendant la p\u00e9riode de gr\u00e8ve.<\/p>\n<p>Si vous avez des prescriptions qui doivent \u00eatre renouvel\u00e9es entre le 5 et le 15 janvier, essayez de les renouveler aussi rapidement que possible pour \u00e9viter de vous trouver sans m\u00e9dicament.<\/p>\n<p>Dans certaines situations, un pharmacien peut peut-\u00eatre vous aider si vous n&rsquo;avez pas pu le renouveler \u00e0 temps via votre m\u00e9decin.<\/p>\n<p>Certains documents, y compris les notes d&rsquo;arr\u00eat maladie, peuvent prendre plus de temps \u00e0 \u00eatre trait\u00e9s, restez donc conscient des r\u00e9percussions financi\u00e8res \u00e0 court terme.<\/p>\n<p>D&rsquo;autres documents de sant\u00e9 peuvent ne pas \u00eatre correctement partag\u00e9s dans l&rsquo;Espace Sant\u00e9 de votre compte Ameli, conservez donc les versions papier de ces documents au cas o\u00f9 vous auriez \u00e0 les montrer \u00e0 un autre professionnel de sant\u00e9.<\/p>\n<p>V\u00e9rifiez que les rendez-vous pour des interventions chirurgicales, des op\u00e9rations ou d&rsquo;autres rendez-vous que vous avez pr\u00e9vus en dehors d&rsquo;un h\u00f4pital public pendant la p\u00e9riode de gr\u00e8ve n&rsquo;ont pas \u00e9t\u00e9 annul\u00e9s. S&rsquo;ils ont \u00e9t\u00e9 annul\u00e9s, prenez rapidement des dispositions pour une nouvelle date de rendez-vous.<\/p>\n<p>Pour des probl\u00e8mes de sant\u00e9 mineurs, <span data-lab-font_weight=\"font-weight-bold\" class=\"font-weight-bold m-font-weight-bold\">vous pouvez demander conseil dans une pharmacie<\/span> ou aupr\u00e8s d&rsquo;un autre professionnel de sant\u00e9 local que vous pouvez trouver, ou <span data-lab-font_weight=\"font-weight-bold\" class=\"font-weight-bold m-font-weight-bold\">appelez une ligne d&rsquo;assistance telle que SOS M\u00e9decins<\/span>, si un m\u00e9decin g\u00e9n\u00e9raliste n&rsquo;est pas disponible.<\/p>\n<p>Notez que les m\u00e9decins de garde sont les premiers \u00e0 \u00eatre r\u00e9quisitionn\u00e9s pour pallier les p\u00e9nuries quotidiennes de rendez-vous, ce qui peut affecter leurs services (mais devrait vous aider \u00e0 trouver un rendez-vous via Doctolib ou le cabinet de votre m\u00e9decin habituel).<\/p>\n<p>Sinon, les services d&rsquo;urgence des h\u00f4pitaux publics devraient \u00eatre globalement peu affect\u00e9s par la gr\u00e8ve (car ces travailleurs sont employ\u00e9s par l&rsquo;\u00c9tat), donc pour les probl\u00e8mes graves, composez le 15 ou rendez-vous au service d&rsquo;urgence.<\/p>\n<h2>Combien de temps les gr\u00e8ves pourraient-elles durer ?<\/h2>\n<p>La p\u00e9riode de gr\u00e8ve initiale dure 10 jours et b\u00e9n\u00e9ficie d&rsquo;un large soutien.<\/p>\n<p>Aux c\u00f4t\u00e9s des d\u00e9brayages, plusieurs manifestations sont pr\u00e9vues, notamment de grandes protestations \u00e0 Paris les 7 et 10 janvier.<\/p>\n<p>Les syndicats disent que le budget de la s\u00e9curit\u00e9 sociale 2026 menace le syst\u00e8me de sant\u00e9 de la France en fournissant un financement insuffisant ainsi qu&rsquo;une intervention gouvernementale excessive, notamment avec des r\u00e8gles plus strictes sur les cong\u00e9s maladie et la possibilit\u00e9 de diminuer unilat\u00e9ralement le co\u00fbt des rendez-vous sans consultation des syndicats dans le cadre du dialogue social.<\/p>\n<p>Cependant, le gouvernement reste ferme sur ces mesures.<\/p>\n<p>\u00ab Il y a eu une augmentation exponentielle de ces pratiques de surfacturation ces derni\u00e8res ann\u00e9es. M\u00eame si les abus ne concernent qu&rsquo;une minorit\u00e9 de m\u00e9decins, nous ne pouvons pas laisser la situation telle quelle \u00bb, a d\u00e9clar\u00e9 Mme Rist.<\/p>\n<p>\u00c9tant donn\u00e9 que le gouvernement s&rsquo;est d\u00e9j\u00e0 engag\u00e9 sur un d\u00e9ficit de s\u00e9curit\u00e9 sociale plus \u00e9lev\u00e9 que ce qui \u00e9tait propos\u00e9 dans le projet budg\u00e9taire 2026 \u2013 et l&rsquo;absence d&rsquo;un budget global en place \u2013 il est peu probable que des changements entra\u00eenant des d\u00e9penses publiques suppl\u00e9mentaires soient soutenus.<\/p>\n<p>Les syndicats de la sant\u00e9 n&rsquo;ont pas encore d\u00e9pos\u00e9 de motions au-del\u00e0 du 15 janvier, mais sans compromis, d&rsquo;autres actions restent possibles.<\/p>\n<\/div>\n","protected":false},"excerpt":{"rendered":"<p>Les patients n\u00e9cessitant des soins devraient se tourner vers les pharmacies, les m\u00e9decins de garde ou les services d&rsquo;urgence Une p\u00e9nurie de rendez-vous chez les m\u00e9decins g\u00e9n\u00e9ralistes et d&rsquo;autres professionnels de la sant\u00e9 est attendue en France dans les prochains jours, alors que les professionnels de sant\u00e9 entament aujourd&rsquo;hui lundi 5 janvier une gr\u00e8ve majeure [&hellip;]<\/p>\n","protected":false},"author":1,"featured_media":833,"comment_status":"open","ping_status":"open","sticky":false,"template":"","format":"standard","meta":{"footnotes":""},"categories":[1],"tags":[1092,42,443,1091,1093,35,1054,812,675,261],"class_list":["post-832","post","type-post","status-publish","format-standard","has-post-thumbnail","hentry","category-non-classe","tag-cabinets","tag-des","tag-doivent","tag-fermetures","tag-generalistes","tag-les","tag-medecins","tag-patients","tag-pendant","tag-savoir"],"_links":{"self":[{"href":"https:\/\/www.rachida-dati.eu\/actualites\/wp-json\/wp\/v2\/posts\/832","targetHints":{"allow":["GET"]}}],"collection":[{"href":"https:\/\/www.rachida-dati.eu\/actualites\/wp-json\/wp\/v2\/posts"}],"about":[{"href":"https:\/\/www.rachida-dati.eu\/actualites\/wp-json\/wp\/v2\/types\/post"}],"author":[{"embeddable":true,"href":"https:\/\/www.rachida-dati.eu\/actualites\/wp-json\/wp\/v2\/users\/1"}],"replies":[{"embeddable":true,"href":"https:\/\/www.rachida-dati.eu\/actualites\/wp-json\/wp\/v2\/comments?post=832"}],"version-history":[{"count":1,"href":"https:\/\/www.rachida-dati.eu\/actualites\/wp-json\/wp\/v2\/posts\/832\/revisions"}],"predecessor-version":[{"id":834,"href":"https:\/\/www.rachida-dati.eu\/actualites\/wp-json\/wp\/v2\/posts\/832\/revisions\/834"}],"wp:featuredmedia":[{"embeddable":true,"href":"https:\/\/www.rachida-dati.eu\/actualites\/wp-json\/wp\/v2\/media\/833"}],"wp:attachment":[{"href":"https:\/\/www.rachida-dati.eu\/actualites\/wp-json\/wp\/v2\/media?parent=832"}],"wp:term":[{"taxonomy":"category","embeddable":true,"href":"https:\/\/www.rachida-dati.eu\/actualites\/wp-json\/wp\/v2\/categories?post=832"},{"taxonomy":"post_tag","embeddable":true,"href":"https:\/\/www.rachida-dati.eu\/actualites\/wp-json\/wp\/v2\/tags?post=832"}],"curies":[{"name":"wp","href":"https:\/\/api.w.org\/{rel}","templated":true}]}}