{"id":835,"date":"2026-01-11T01:42:35","date_gmt":"2026-01-11T00:42:35","guid":{"rendered":"https:\/\/www.rachida-dati.eu\/actualites\/combien-de-temps-conserver-ses-documents-importants-en-france-guide-complet\/"},"modified":"2026-01-11T01:42:36","modified_gmt":"2026-01-11T00:42:36","slug":"combien-de-temps-conserver-ses-documents-importants-en-france-guide-complet","status":"publish","type":"post","link":"https:\/\/www.rachida-dati.eu\/actualites\/combien-de-temps-conserver-ses-documents-importants-en-france-guide-complet\/","title":{"rendered":"Combien de temps conserver ses documents importants en France : guide complet"},"content":{"rendered":"<div id=\"main\">\n<div data-element-guid=\"2fab827b-c2af-457a-8ca0-fc1ea1a3b815\" class=\"articleHeader column hasCaption\">\n<h2 class=\"subtitle \" style=\"\">Avis d&rsquo;imposition, dossiers familiaux, soins de sant\u00e9\u2026 que faut-il conserver et pendant combien de temps ?<\/h2>\n<\/p>\n<\/div>\n<div data-element-guid=\"ae6bbc9d-79c3-457f-fa79-764263216fc3\" class=\"bodytext large-12 small-12 medium-12\">\n<p><!-- placeholder(#1) --><\/p>\n<p>Question du lecteur : existe-t-il une dur\u00e9e minimale pendant laquelle les documents doivent \u00eatre conserv\u00e9s en France ? Est-ce que cela varie selon le type de document ?<\/p>\n<p>Malgr\u00e9 l&rsquo;accroissement de la num\u00e9risation du monde moderne, il existe encore certains documents qu&rsquo;il est recommand\u00e9 de conserver sous forme papier en France.<\/p>\n<p>Globalement, la tenue de registres est une bonne pratique pour prot\u00e9ger vos droits et\/ou vous permettre de prouver un contrat si n\u00e9cessaire, indique le <span data-lab-font_weight=\"font-weight-bold\" class=\"font-weight-bold m-font-weight-bold\">site Service Public<\/span>.<\/p>\n<p>Certains documents sont consid\u00e9r\u00e9s comme particuli\u00e8rement importants. Il est recommand\u00e9 de les conserver &#8211; le cas \u00e9ch\u00e9ant &#8211; \u00e0 vie :<\/p>\n<ul>\n<li>\n<p><span data-lab-italic=\"italic\" class=\"italic m-italic\">Livret de famille<\/span> (registre familial)<\/p>\n<\/li>\n<li>\n<p><span data-lab-italic=\"italic\" class=\"italic m-italic\">Carnet de sant\u00e9<\/span> (dossier de sant\u00e9)<\/p>\n<\/li>\n<li>\n<p><span data-lab-italic=\"italic\" class=\"italic m-italic\">Contrat de mariage<\/span> (contrat de mariage)<\/p>\n<\/li>\n<li>\n<p><span data-lab-italic=\"italic\" class=\"italic m-italic\">Jugement d\u2019adoption<\/span> (jugement d\u2019adoption)<\/p>\n<\/li>\n<li>\n<p><span data-lab-italic=\"italic\" class=\"italic m-italic\">Acte de vente d\u2019un logement<\/span> (acte de vente d&rsquo;un logement)<\/p>\n<\/li>\n<\/ul>\n<p>Alors que les citoyens fran\u00e7ais d\u00e9tiendront certains de ces documents \u00e0 vie (tel le <span data-lab-font_weight=\"font-weight-bold\" class=\"font-weight-bold m-font-weight-bold\">livret de famille<\/span>), les personnes non citoyennes peuvent en obtenir un \u00e0 un moment donn\u00e9, ou dans les cas d&rsquo;actes de vente, lorsqu&rsquo;ils ach\u00e8tent ou vendent un bien immobilier.<\/p>\n<p>Il peut \u00eatre prudent de conserver d&rsquo;autres documents pendant des dur\u00e9es variables, selon le site. Par exemple :\u00a0<\/p>\n<ul>\n<li>\n<p>Contrat de bail : Si vous \u00eates locataire, vous devriez conserver votre contrat de bail et l&rsquo;\u00e9tat des lieux pendant trois ans apr\u00e8s la fin du bail.<\/p>\n<\/li>\n<li>\n<p>Avis d&rsquo;imposition et d\u00e9clarations de revenus : conservez-les jusqu&rsquo;au d\u00e9but de la quatri\u00e8me ann\u00e9e qui suit l&rsquo;ann\u00e9e d&rsquo;imposition (par exemple, vous pouvez vous d\u00e9barrasser de votre d\u00e9claration de 2024 \u00e0 partir du d\u00e9but de 2028)<\/p>\n<\/li>\n<li>\n<p>Fiches de paie : Elles sont utiles pour obtenir une pension \u00e0 la retraite, il peut donc \u00eatre souhaitable de les conserver jusqu&rsquo;\u00e0 ce que vous perceviez votre pension\u00a0<\/p>\n<\/li>\n<li>\n<p>Vente d&rsquo;une voiture : pas de limite temporelle pr\u00e9cise pour la conservation, mais cela peut \u00eatre utile de la garder pendant plusieurs ann\u00e9es au cas o\u00f9 le nouveau propri\u00e9taire contesterait quelque chose avec vous.<\/p>\n<\/li>\n<li>\n<p>Facture d&rsquo;h\u00f4pital public : quatre ans<\/p>\n<\/li>\n<li>\n<p>Certificat m\u00e9dical ou r\u00e9sultats d&rsquo;examen m\u00e9dical : \u00e0 vie. Peuvent \u00eatre utiles en cas d&rsquo;aggravation de l&rsquo;\u00e9tat de sant\u00e9.<\/p>\n<\/li>\n<\/ul>\n<figure data-element-guid=\"f111a1e6-67f9-4181-aa1c-60535be90183\" class=\"column desktop-floatLeft mobile-floatLeft small-12 large-8 small-abs-12 large-abs-8\">\n<div class=\"content \" style=\"\">\n<div class=\"img fullwidthTarget\">\n            <picture><source  width=\"706\" height=\"403\" media=\"(min-width: 768px)\" type=\"image\/webp\"><source  width=\"706\" height=\"403\" media=\"(min-width: 768px)\" type=\"image\/jpeg\"><source  width=\"480\" height=\"274\" media=\"(max-width: 767px)\" type=\"image\/webp\"><source  width=\"480\" height=\"274\" media=\"(max-width: 767px)\" type=\"image\/jpeg\"><\/source><\/source><\/source><\/source><\/picture>\n                    <\/div>\n<\/p><\/div>\n<\/figure>\n<p>Le site Service Public dispose d\u2019un <span data-lab-font_weight=\"font-weight-bold\" class=\"font-weight-bold m-font-weight-bold\">moteur de recherche<\/span> que vous pouvez utiliser pour v\u00e9rifier les dur\u00e9es de conservation recommand\u00e9es pour certains documents. Il explique \u00e9galement ce qu\u2019il faut faire des dossiers de quelqu&rsquo;un apr\u00e8s son d\u00e9c\u00e8s.<\/p>\n<p>Il est conseill\u00e9 de conserver le format papier original d\u2019un document s\u2019il vous a \u00e9t\u00e9 remis sous ce format, car une version num\u00e9rique ou une photocopie peut ne pas \u00eatre consid\u00e9r\u00e9e comme valide.<\/p>\n<p>Les documents num\u00e9riques envoy\u00e9s par e-mail ou similaires peuvent \u00eatre conserv\u00e9s sous forme num\u00e9rique, mais il est judicieux de les enregistrer sur un lecteur s\u00e9curis\u00e9 de votre ordinateur et de les sauvegarder sur un lecteur s\u00e9par\u00e9.<\/p>\n<p>Pour cette raison, vous pouvez \u00e9galement envisager d\u2019imprimer des copies num\u00e9riques de documents importants, m\u00eame s\u2019ils vous ont \u00e9t\u00e9 initialement d\u00e9livr\u00e9s au format num\u00e9rique uniquement.<\/p>\n<\/div>\n","protected":false},"excerpt":{"rendered":"<p>Avis d&rsquo;imposition, dossiers familiaux, soins de sant\u00e9\u2026 que faut-il conserver et pendant combien de temps ? Question du lecteur : existe-t-il une dur\u00e9e minimale pendant laquelle les documents doivent \u00eatre conserv\u00e9s en France ? Est-ce que cela varie selon le type de document ? Malgr\u00e9 l&rsquo;accroissement de la num\u00e9risation du monde moderne, il existe encore [&hellip;]<\/p>\n","protected":false},"author":1,"featured_media":836,"comment_status":"open","ping_status":"open","sticky":false,"template":"","format":"standard","meta":{"footnotes":""},"categories":[1],"tags":[455,214,1094,1095,37,213,1096,26,66],"class_list":["post-835","post","type-post","status-publish","format-standard","has-post-thumbnail","hentry","category-non-classe","tag-combien","tag-complet","tag-conserver","tag-documents","tag-france","tag-guide","tag-importants","tag-ses","tag-temps"],"_links":{"self":[{"href":"https:\/\/www.rachida-dati.eu\/actualites\/wp-json\/wp\/v2\/posts\/835","targetHints":{"allow":["GET"]}}],"collection":[{"href":"https:\/\/www.rachida-dati.eu\/actualites\/wp-json\/wp\/v2\/posts"}],"about":[{"href":"https:\/\/www.rachida-dati.eu\/actualites\/wp-json\/wp\/v2\/types\/post"}],"author":[{"embeddable":true,"href":"https:\/\/www.rachida-dati.eu\/actualites\/wp-json\/wp\/v2\/users\/1"}],"replies":[{"embeddable":true,"href":"https:\/\/www.rachida-dati.eu\/actualites\/wp-json\/wp\/v2\/comments?post=835"}],"version-history":[{"count":1,"href":"https:\/\/www.rachida-dati.eu\/actualites\/wp-json\/wp\/v2\/posts\/835\/revisions"}],"predecessor-version":[{"id":837,"href":"https:\/\/www.rachida-dati.eu\/actualites\/wp-json\/wp\/v2\/posts\/835\/revisions\/837"}],"wp:featuredmedia":[{"embeddable":true,"href":"https:\/\/www.rachida-dati.eu\/actualites\/wp-json\/wp\/v2\/media\/836"}],"wp:attachment":[{"href":"https:\/\/www.rachida-dati.eu\/actualites\/wp-json\/wp\/v2\/media?parent=835"}],"wp:term":[{"taxonomy":"category","embeddable":true,"href":"https:\/\/www.rachida-dati.eu\/actualites\/wp-json\/wp\/v2\/categories?post=835"},{"taxonomy":"post_tag","embeddable":true,"href":"https:\/\/www.rachida-dati.eu\/actualites\/wp-json\/wp\/v2\/tags?post=835"}],"curies":[{"name":"wp","href":"https:\/\/api.w.org\/{rel}","templated":true}]}}