{"id":841,"date":"2026-01-11T11:43:52","date_gmt":"2026-01-11T10:43:52","guid":{"rendered":"https:\/\/www.rachida-dati.eu\/actualites\/six-jours-de-trafic-intense-en-france\/"},"modified":"2026-01-11T11:43:52","modified_gmt":"2026-01-11T10:43:52","slug":"six-jours-de-trafic-intense-en-france","status":"publish","type":"post","link":"https:\/\/www.rachida-dati.eu\/actualites\/six-jours-de-trafic-intense-en-france\/","title":{"rendered":"Six jours de trafic intense en France"},"content":{"rendered":"<div id=\"main\">\n<div data-element-guid=\"2fab827b-c2af-457a-8ca0-fc1ea1a3b815\" class=\"articleHeader column hasCaption\">\n<h2 class=\"subtitle \" style=\"\">Les avertissements de niveau le plus \u00e9lev\u00e9 surviennent autour des vacances publiques et scolaires<\/h2>\n<\/p>\n<\/div>\n<div data-element-guid=\"216cf4c1-c527-4f8b-c6fa-b422f7257d96\" class=\"bodytext large-12 small-12 medium-12\">\n<p><!-- placeholder(#1) --><\/p>\n<p>Le observatoire du trafic fran\u00e7ais <span data-lab-italic=\"italic\" class=\"italic m-italic\">Bison Fut\u00e9<\/span> a publi\u00e9 son calendrier des pr\u00e9visions de trafic pour l&rsquo;ensemble de l&rsquo;ann\u00e9e 2026.<\/p>\n<p>En 2026, il y a six jours o\u00f9 au moins une r\u00e9gion devrait faire face \u00e0 des \u00ab niveaux noirs \u00bb de trafic, le plus \u00e9lev\u00e9 des quatre niveaux de classement (verts, orange, rouge et noir).<\/p>\n<p>Dans tous les cas, les avertissements s&rsquo;appliquent aux personnes qui quittent les grandes villes et se dirigent vers des destinations de vacances, g\u00e9n\u00e9ralement la Bretagne, la Normandie, la M\u00e9diterran\u00e9e et le sud-ouest.<\/p>\n<p>Il y a un jour o\u00f9 l&rsquo;avertissement s&rsquo;applique \u00e0 l&rsquo;ensemble du pays et non \u00e0 certaines r\u00e9gions.<\/p>\n<p>Les journ\u00e9es les plus charg\u00e9es en trafic pr\u00e9vues sont :<\/p>\n<ul>\n<li>\n<p>Mercredi 13 mai (avant le jour f\u00e9ri\u00e9 de l&rsquo;Ascension, jeudi)<\/p>\n<\/li>\n<li>\n<p>Vendredi 10 juillet<\/p>\n<\/li>\n<li>\n<p>Samedi 11 juillet<\/p>\n<\/li>\n<li>\n<p>Vendredi 31 juillet<\/p>\n<\/li>\n<li>\n<p>Samedi 1er ao\u00fbt (le jour o\u00f9 toutes les r\u00e9gions font face \u00e0 des avertissements de trafic noirs)<\/p>\n<\/li>\n<li>\n<p>Samedi 15 ao\u00fbt<\/p>\n<\/li>\n<\/ul>\n<p>Le calendrier complet peut \u00eatre consult\u00e9 <span data-lab-font_weight=\"font-weight-bold\" class=\"font-weight-bold m-font-weight-bold\">ici<\/span>. Il existe \u00e9galement bien plus d&rsquo;une douzaine de jours avec une ou plusieurs r\u00e9gions affichant des avertissements de niveau rouge, le deuxi\u00e8me niveau le plus \u00e9lev\u00e9.<\/p>\n<p>\u00c0 ces dates &#8211; en particulier dans les r\u00e9gions confront\u00e9es \u00e0 des avertissements noirs &#8211; il est conseill\u00e9 aux conducteurs qui n&rsquo;ont pas besoin de voyager d&rsquo;\u00e9viter de prendre le v\u00e9hicule.<\/p>\n<p>Si toutefois ils doivent utiliser leur v\u00e9hicule, ils devraient \u00e9viter les routes tr\u00e8s fr\u00e9quent\u00e9es telles que les autoroutes et privil\u00e9gier des itin\u00e9raires locaux plus petits.<\/p>\n<p>Bien que ces dates puissent changer, le service utilise les habitudes de conduite pass\u00e9es ainsi que les jours f\u00e9ri\u00e9s publics et scolaires pour pr\u00e9dire quand les niveaux de trafic seront les plus \u00e9lev\u00e9s.<\/p>\n<p>Des avertissements plus d\u00e9taill\u00e9s, y compris pour des routes principales sp\u00e9cifiques, sont g\u00e9n\u00e9ralement donn\u00e9s la semaine pr\u00e9c\u00e9dente et disponibles sur le site officiel.<\/p>\n<\/div><\/div>\n","protected":false},"excerpt":{"rendered":"<p>Les avertissements de niveau le plus \u00e9lev\u00e9 surviennent autour des vacances publiques et scolaires Le observatoire du trafic fran\u00e7ais Bison Fut\u00e9 a publi\u00e9 son calendrier des pr\u00e9visions de trafic pour l&rsquo;ensemble de l&rsquo;ann\u00e9e 2026. En 2026, il y a six jours o\u00f9 au moins une r\u00e9gion devrait faire face \u00e0 des \u00ab niveaux noirs \u00bb [&hellip;]<\/p>\n","protected":false},"author":1,"featured_media":842,"comment_status":"open","ping_status":"open","sticky":false,"template":"","format":"standard","meta":{"footnotes":""},"categories":[1],"tags":[37,1104,1103,906],"class_list":["post-841","post","type-post","status-publish","format-standard","has-post-thumbnail","hentry","category-non-classe","tag-france","tag-intense","tag-jours","tag-trafic"],"_links":{"self":[{"href":"https:\/\/www.rachida-dati.eu\/actualites\/wp-json\/wp\/v2\/posts\/841","targetHints":{"allow":["GET"]}}],"collection":[{"href":"https:\/\/www.rachida-dati.eu\/actualites\/wp-json\/wp\/v2\/posts"}],"about":[{"href":"https:\/\/www.rachida-dati.eu\/actualites\/wp-json\/wp\/v2\/types\/post"}],"author":[{"embeddable":true,"href":"https:\/\/www.rachida-dati.eu\/actualites\/wp-json\/wp\/v2\/users\/1"}],"replies":[{"embeddable":true,"href":"https:\/\/www.rachida-dati.eu\/actualites\/wp-json\/wp\/v2\/comments?post=841"}],"version-history":[{"count":1,"href":"https:\/\/www.rachida-dati.eu\/actualites\/wp-json\/wp\/v2\/posts\/841\/revisions"}],"predecessor-version":[{"id":843,"href":"https:\/\/www.rachida-dati.eu\/actualites\/wp-json\/wp\/v2\/posts\/841\/revisions\/843"}],"wp:featuredmedia":[{"embeddable":true,"href":"https:\/\/www.rachida-dati.eu\/actualites\/wp-json\/wp\/v2\/media\/842"}],"wp:attachment":[{"href":"https:\/\/www.rachida-dati.eu\/actualites\/wp-json\/wp\/v2\/media?parent=841"}],"wp:term":[{"taxonomy":"category","embeddable":true,"href":"https:\/\/www.rachida-dati.eu\/actualites\/wp-json\/wp\/v2\/categories?post=841"},{"taxonomy":"post_tag","embeddable":true,"href":"https:\/\/www.rachida-dati.eu\/actualites\/wp-json\/wp\/v2\/tags?post=841"}],"curies":[{"name":"wp","href":"https:\/\/api.w.org\/{rel}","templated":true}]}}