{"id":850,"date":"2026-01-12T04:44:49","date_gmt":"2026-01-12T03:44:49","guid":{"rendered":"https:\/\/www.rachida-dati.eu\/actualites\/icone-francaise-legendaire-et-militante-pour-les-droits-des-animaux\/"},"modified":"2026-01-12T04:44:49","modified_gmt":"2026-01-12T03:44:49","slug":"icone-francaise-legendaire-et-militante-pour-les-droits-des-animaux","status":"publish","type":"post","link":"https:\/\/www.rachida-dati.eu\/actualites\/icone-francaise-legendaire-et-militante-pour-les-droits-des-animaux\/","title":{"rendered":"Ic\u00f4ne fran\u00e7aise l\u00e9gendaire et militante pour les droits des animaux"},"content":{"rendered":"<p><center><\/p>\n<h1>502 Bad Gateway<\/h1>\n<p><\/center><\/p>\n","protected":false},"excerpt":{"rendered":"<p>502 Bad Gateway<\/p>\n","protected":false},"author":1,"featured_media":851,"comment_status":"open","ping_status":"open","sticky":false,"template":"","format":"standard","meta":{"footnotes":""},"categories":[1],"tags":[264,42,346,177,1115,1116,35,1117,39],"class_list":["post-850","post","type-post","status-publish","format-standard","has-post-thumbnail","hentry","category-non-classe","tag-animaux","tag-des","tag-droits","tag-francaise","tag-icone","tag-legendaire","tag-les","tag-militante","tag-pour"],"_links":{"self":[{"href":"https:\/\/www.rachida-dati.eu\/actualites\/wp-json\/wp\/v2\/posts\/850","targetHints":{"allow":["GET"]}}],"collection":[{"href":"https:\/\/www.rachida-dati.eu\/actualites\/wp-json\/wp\/v2\/posts"}],"about":[{"href":"https:\/\/www.rachida-dati.eu\/actualites\/wp-json\/wp\/v2\/types\/post"}],"author":[{"embeddable":true,"href":"https:\/\/www.rachida-dati.eu\/actualites\/wp-json\/wp\/v2\/users\/1"}],"replies":[{"embeddable":true,"href":"https:\/\/www.rachida-dati.eu\/actualites\/wp-json\/wp\/v2\/comments?post=850"}],"version-history":[{"count":1,"href":"https:\/\/www.rachida-dati.eu\/actualites\/wp-json\/wp\/v2\/posts\/850\/revisions"}],"predecessor-version":[{"id":852,"href":"https:\/\/www.rachida-dati.eu\/actualites\/wp-json\/wp\/v2\/posts\/850\/revisions\/852"}],"wp:featuredmedia":[{"embeddable":true,"href":"https:\/\/www.rachida-dati.eu\/actualites\/wp-json\/wp\/v2\/media\/851"}],"wp:attachment":[{"href":"https:\/\/www.rachida-dati.eu\/actualites\/wp-json\/wp\/v2\/media?parent=850"}],"wp:term":[{"taxonomy":"category","embeddable":true,"href":"https:\/\/www.rachida-dati.eu\/actualites\/wp-json\/wp\/v2\/categories?post=850"},{"taxonomy":"post_tag","embeddable":true,"href":"https:\/\/www.rachida-dati.eu\/actualites\/wp-json\/wp\/v2\/tags?post=850"}],"curies":[{"name":"wp","href":"https:\/\/api.w.org\/{rel}","templated":true}]}}