{"id":859,"date":"2026-01-12T21:46:30","date_gmt":"2026-01-12T20:46:30","guid":{"rendered":"https:\/\/www.rachida-dati.eu\/actualites\/icone-du-cinema-et-militante-des-droits-des-animaux-decede-a-91-ans\/"},"modified":"2026-01-12T21:46:31","modified_gmt":"2026-01-12T20:46:31","slug":"icone-du-cinema-et-militante-des-droits-des-animaux-decede-a-91-ans","status":"publish","type":"post","link":"https:\/\/www.rachida-dati.eu\/actualites\/icone-du-cinema-et-militante-des-droits-des-animaux-decede-a-91-ans\/","title":{"rendered":"Ic\u00f4ne du cin\u00e9ma et militante des droits des animaux d\u00e9c\u00e8de \u00e0 91 ans"},"content":{"rendered":"<div data-element-guid=\"7f7332a5-aca0-4fee-9990-ec700b171346\">\n<h2 class=\"subtitle \" style=\"\">Elle est devenue une figure internationale dans les ann\u00e9es 1950 et 1960 avant de quitter le cin\u00e9ma \u00e0 l&rsquo;\u00e2ge de 39 ans<\/h2>\n<\/p>\n<\/div>\n<div data-element-guid=\"49561cec-3b19-4ec5-a664-c0a0e456a756\">\n<p><!-- placeholder(#1) --><\/p>\n<p>Brigitte Bardot, l&rsquo;une des actrices fran\u00e7aises les plus reconnues \u00e0 l&rsquo;\u00e9chelle internationale et, plus tard, une militante de premier plan pour les droits des animaux, est d\u00e9c\u00e9d\u00e9e \u00e0 l&rsquo;\u00e2ge de 91 ans.<\/p>\n<p>Sa carri\u00e8re cin\u00e9matographique a dur\u00e9 un peu plus de deux d\u00e9cennies, du d\u00e9but des ann\u00e9es 1950 au d\u00e9but des ann\u00e9es 1970, mais son image est devenue un rep\u00e8re durable dans la culture populaire mondiale.<\/p>\n<p>Apr\u00e8s avoir quitt\u00e9 le cin\u00e9ma, elle a consacr\u00e9 sa vie publique \u00e0 la protection des animaux, devenant par la suite une figure politique controvers\u00e9e en France.<\/p>\n<p>N\u00e9e \u00e0 Paris en 1934 dans une famille bourgeoise et conservatrice, Bardot a suivi une formation de danse classique avant d&rsquo;entrer dans le modelling et le cin\u00e9ma \u00e0 l&rsquo;adolescence.<\/p>\n<p>Elle est apparue dans ses premiers films au d\u00e9but des ann\u00e9es 1950, mais a attir\u00e9 l&rsquo;attention internationale en 1956 avec <span data-lab-italic=\"italic\" class=\"italic m-italic\">Et Dieu\u2026 cr\u00e9a la femme<\/span>, r\u00e9alis\u00e9 par Roger Vadim.<\/p>\n<p>Le film a \u00e9tabli son image publique et \u00e9tait largement per\u00e7u \u00e0 l&rsquo;\u00e9poque comme marquant un tournant dans les repr\u00e9sentations de la sexualit\u00e9 f\u00e9minine dans le cin\u00e9ma d&rsquo;apr\u00e8s-guerre.<\/p>\n<p>Bardot a ensuite jou\u00e9 dans plus de 40 films, travaillant avec des r\u00e9alisateurs tels que Jean-Luc Godard (<span data-lab-italic=\"italic\" class=\"italic m-italic\">Le M\u00e9pris<\/span>), Louis Malle (<span data-lab-italic=\"italic\" class=\"italic m-italic\">Viva Maria!<\/span>), et Henri-Georges Clouzot (<span data-lab-italic=\"italic\" class=\"italic m-italic\">La V\u00e9rit\u00e9<\/span>).<\/p>\n<p>Pendant la fin des ann\u00e9es 1950 et les ann\u00e9es 1960, elle figurait parmi les personnalit\u00e9s culturelles fran\u00e7aises les plus visibles \u00e0 l&rsquo;\u00e9tranger, avec une attention m\u00e9diatique intense et persistante centr\u00e9e sur sa vie priv\u00e9e, ses relations et son apparence.<\/p>\n<h3>Retrait du cin\u00e9ma et focalisation sur la protection des animaux<\/h3>\n<p>En 1973, \u00e0 l&rsquo;\u00e2ge de 39 ans, Bardot a mis fin \u00e0 sa carri\u00e8re d&rsquo;actrice et n&rsquo;est pas revenue au cin\u00e9ma. Elle a redirig\u00e9 son \u00e9nergie vers la protection des animaux, cause qu&rsquo;elle a d\u00e9crite comme centrale dans sa vie.<\/p>\n<p>Elle a cr\u00e9\u00e9 ce qui est devenu la Fondation Brigitte Bardot, soutenant des refuges, des actions en justice et des campagnes en France et \u00e0 l&rsquo;international.\u00a0<\/p>\n<div data-element-guid=\"c9a037d8-56ce-4b29-b687-e3b88bb675a8\" id=\"markup_760991\" class=\"markupbox column desktop-floatLeft mobile-floatLeft small-12 large-8 small-abs-12 large-abs-8\">\n<div class=\"content fullwidthTarget\" style=\"\">\n<blockquote class=\"twitter-tweet\">\n<p lang=\"fr\" dir=\"ltr\">\ud83c\udf84Toutes les \u00e9quipes de la Fondation Brigitte Bardot vous souhaitent un joyeux No\u00ebl et de tr\u00e8s bonnes f\u00eates.<\/p>\n<p>Merci pour votre soutien !<\/p>\n<p>Prenez soin de vous, de vos proches et de vos animaux \ud83d\udc95 <a rel=\"nofollow\" href=\"https:\/\/t.co\/A2cTPuFpXD\">pic.twitter.com\/A2cTPuFpXD<\/a><\/p>\n<p>\u2014 Fondation Brigitte Bardot (@FBB_Officiel) <a rel=\"nofollow\" href=\"https:\/\/twitter.com\/FBB_Officiel\/status\/2004111784660402522?ref_src=twsrc%5Etfw\">25 d\u00e9cembre 2025<\/a><\/p><\/blockquote><\/div>\n<\/div>\n<p>Ses actions les mieux connues portaient sur l&rsquo;opposition \u00e0 la chasse au phoque, qui a attir\u00e9 une attention internationale significative \u00e0 la fin des ann\u00e9es 1970. La fondation a ensuite \u00e9largi son travail pour inclure l&rsquo;opposition au commerce de la fourrure, les pratiques de chasse et les m\u00e9thodes d&rsquo;\u00e9levage industriel.<\/p>\n<p>Le bien-\u00eatre animal est rest\u00e9 l&rsquo;objectif principal de ses interventions publiques pour le reste de sa vie.<\/p>\n<h3>Controverse politique et ann\u00e9es ult\u00e9rieures<\/h3>\n<p>\u00c0 partir de la fin des ann\u00e9es 1990, Bardot est \u00e9galement devenue connue pour des prises de position politiques franches, notamment sur l&rsquo;immigration, l&rsquo;islam et l&rsquo;identit\u00e9 nationale.<\/p>\n<p>Plusieurs de ces remarques lui ont valu des condamnations p\u00e9nales pour incitation \u00e0 la haine raciale selon la loi fran\u00e7aise.<\/p>\n<p>Elle a exprim\u00e9 son soutien \u00e0 des figures et mouvements d&rsquo;extr\u00eame droite, y compris des membres de la famille Le Pen, des positions qui contrastaient fortement avec l&rsquo;image associ\u00e9e \u00e0 sa carri\u00e8re ant\u00e9rieure.<\/p>\n<p>Bardot a rejet\u00e9 les accusations de racisme et a soutenu que ses opinions reflettaient une d\u00e9fense des traditions culturelles fran\u00e7aises.<\/p>\n<p>Elle a v\u00e9cu \u00e0 Saint-Tropez pendant des d\u00e9cennies, apparaissant rarement en public et refusant la plupart des distinctions officielles.<\/p>\n<p>Sa pr\u00e9sence publique \u00e9tait largement limit\u00e9e \u00e0 des d\u00e9clarations \u00e9crites, des apparitions devant les tribunaux et des interventions li\u00e9es au bien-\u00eatre animal.<\/p>\n<p>Brigitte Bardot laisse derri\u00e8re elle un h\u00e9ritage d\u00e9fini par son influence sur le cin\u00e9ma d&rsquo;apr\u00e8s-guerre, son activisme de longue haleine en faveur du bien-\u00eatre animal et les controverses qui ont marqu\u00e9 les derni\u00e8res d\u00e9cennies de sa vie.<\/p>\n<p>Elle laisse derri\u00e8re elle son fils Nicolas-Jacques Charrier.<\/p>\n<\/div>\n<p><script async src=\"https:\/\/platform.twitter.com\/widgets.js\" charset=\"utf-8\"><\/script><\/p>\n","protected":false},"excerpt":{"rendered":"<p>Elle est devenue une figure internationale dans les ann\u00e9es 1950 et 1960 avant de quitter le cin\u00e9ma \u00e0 l&rsquo;\u00e2ge de 39 ans Brigitte Bardot, l&rsquo;une des actrices fran\u00e7aises les plus reconnues \u00e0 l&rsquo;\u00e9chelle internationale et, plus tard, une militante de premier plan pour les droits des animaux, est d\u00e9c\u00e9d\u00e9e \u00e0 l&rsquo;\u00e2ge de 91 ans. Sa [&hellip;]<\/p>\n","protected":false},"author":1,"featured_media":860,"comment_status":"open","ping_status":"open","sticky":false,"template":"","format":"standard","meta":{"footnotes":""},"categories":[1],"tags":[264,154,1125,1126,42,346,1115,1117],"class_list":["post-859","post","type-post","status-publish","format-standard","has-post-thumbnail","hentry","category-non-classe","tag-animaux","tag-ans","tag-cinema","tag-decede","tag-des","tag-droits","tag-icone","tag-militante"],"_links":{"self":[{"href":"https:\/\/www.rachida-dati.eu\/actualites\/wp-json\/wp\/v2\/posts\/859","targetHints":{"allow":["GET"]}}],"collection":[{"href":"https:\/\/www.rachida-dati.eu\/actualites\/wp-json\/wp\/v2\/posts"}],"about":[{"href":"https:\/\/www.rachida-dati.eu\/actualites\/wp-json\/wp\/v2\/types\/post"}],"author":[{"embeddable":true,"href":"https:\/\/www.rachida-dati.eu\/actualites\/wp-json\/wp\/v2\/users\/1"}],"replies":[{"embeddable":true,"href":"https:\/\/www.rachida-dati.eu\/actualites\/wp-json\/wp\/v2\/comments?post=859"}],"version-history":[{"count":1,"href":"https:\/\/www.rachida-dati.eu\/actualites\/wp-json\/wp\/v2\/posts\/859\/revisions"}],"predecessor-version":[{"id":861,"href":"https:\/\/www.rachida-dati.eu\/actualites\/wp-json\/wp\/v2\/posts\/859\/revisions\/861"}],"wp:featuredmedia":[{"embeddable":true,"href":"https:\/\/www.rachida-dati.eu\/actualites\/wp-json\/wp\/v2\/media\/860"}],"wp:attachment":[{"href":"https:\/\/www.rachida-dati.eu\/actualites\/wp-json\/wp\/v2\/media?parent=859"}],"wp:term":[{"taxonomy":"category","embeddable":true,"href":"https:\/\/www.rachida-dati.eu\/actualites\/wp-json\/wp\/v2\/categories?post=859"},{"taxonomy":"post_tag","embeddable":true,"href":"https:\/\/www.rachida-dati.eu\/actualites\/wp-json\/wp\/v2\/tags?post=859"}],"curies":[{"name":"wp","href":"https:\/\/api.w.org\/{rel}","templated":true}]}}