{"id":862,"date":"2026-01-13T02:51:18","date_gmt":"2026-01-13T01:51:18","guid":{"rendered":"https:\/\/www.rachida-dati.eu\/actualites\/immatriculations-de-voitures-electriques-en-france-depassent-25-pour-la-premiere-fois\/"},"modified":"2026-01-13T02:51:19","modified_gmt":"2026-01-13T01:51:19","slug":"immatriculations-de-voitures-electriques-en-france-depassent-25-pour-la-premiere-fois","status":"publish","type":"post","link":"https:\/\/www.rachida-dati.eu\/actualites\/immatriculations-de-voitures-electriques-en-france-depassent-25-pour-la-premiere-fois\/","title":{"rendered":"Immatriculations de voitures \u00e9lectriques en France d\u00e9passent 25 % pour la premi\u00e8re fois"},"content":{"rendered":"<div data-element-guid=\"7f7332a5-aca0-4fee-9990-ec700b171346\">\n<h2 class=\"subtitle t21\" style=\"\">Les ventes de v\u00e9hicules \u00e9lectriques atteignent un nouveau record en novembre 2025<\/h2>\n<\/p>\n<\/div>\n<div data-element-guid=\"6e07052f-948b-4c54-ca1f-7e61a85d4463\">\n<p><!-- placeholder(#1) --><\/p>\n<p>Les voitures \u00e9lectriques continuent de gagner en popularit\u00e9 en France, d\u00e9passant pour la premi\u00e8re fois un quart des immatriculations en novembre.<\/p>\n<p>Des donn\u00e9es de la Plateforme automobile (PFA), organisation regroupant les constructeurs et les fournisseurs d&rsquo;\u00e9quipements, attribuent la croissance de novembre au succ\u00e8s du dispositif de location sociale du gouvernement, qui a \u00e9t\u00e9 relanc\u00e9 \u00e0 la fin septembre pour aider les m\u00e9nages \u00e0 faible revenu \u00e0 louer des voitures \u00e9lectriques neuves.<\/p>\n<p>L\u2019exigence pour les entreprises d\u2019inclure au moins 20 % de v\u00e9hicules \u00e9lectriques dans leurs flottes a \u00e9galement soutenu les ventes.<\/p>\n<p>Depuis le d\u00e9but de 2025, les voitures \u00e9lectriques repr\u00e9sentent une sur cinq des immatriculations neuves en France \u2013 un autre record apr\u00e8s 17 % en 2023 et 2024.<\/p>\n<p>En France, l\u2019aide \u00e0 l\u2019achat de voitures \u00e9lectriques a chang\u00e9 en juillet lorsque le gouvernement a mis fin \u00e0 l\u2019incitation du <span data-lab-italic=\"italic\" class=\"italic m-italic\">bonus \u00e9cologique<\/span>, qui pouvait atteindre jusqu\u2019\u00e0 4 000 \u20ac pour les acheteurs priv\u00e9s \u00e9ligibles, au profit d\u2019un nouveau dispositif appel\u00e9 le <span data-lab-italic=\"italic\" class=\"italic m-italic\"><span data-lab-font_weight=\"font-weight-bold\" class=\"font-weight-bold m-font-weight-bold\">coup de pouce v\u00e9hicules particuliers \u00e9lectriques<\/span><\/span>.<\/p>\n<p>La nouvelle incitation rel\u00e8ve du dispositif des <span data-lab-italic=\"italic\" class=\"italic m-italic\">certificats d\u2019\u00e9conomie d\u2019\u00e9nergie<\/span> (CEE) par lequel les fournisseurs d\u2019\u00e9nergie fran\u00e7ais sont oblig\u00e9s de financer ou de mettre en \u0153uvre des mesures d\u2019\u00e9conomie d\u2019\u00e9nergie, telles que les incitations \u00e0 l\u2019achat de v\u00e9hicules \u00e9lectriques, afin d\u2019atteindre les objectifs nationaux d\u2019efficacit\u00e9.<\/p>\n<p>Une aide financi\u00e8re de 4 200 \u20ac est disponible pour les m\u00e9nages \u00e0 faible revenu et 3 100 \u20ac pour les m\u00e9nages \u00e0 revenu \u00e9lev\u00e9. La cat\u00e9gorie \u00e0 laquelle appartiennent les demandeurs d\u00e9pendra de leur <span data-lab-italic=\"italic\" class=\"italic m-italic\">revenu fiscal de r\u00e9f\u00e9rence<\/span>.<\/p>\n<p>Pour pouvoir b\u00e9n\u00e9ficier du dispositif, la voiture \u00e9lectrique en question doit co\u00fbter moins de 47 000 \u20ac batteries incluses, et peser moins de 2,4 tonnes.<\/p>\n<p>Elle doit \u00eatre neuve et 100 % \u00e9lectrique, \u00eatre achet\u00e9e ou lou\u00e9e pour au moins deux ans, et la personne qui d\u00e9pose la demande doit \u00eatre le premier propri\u00e9taire enregistr\u00e9.<\/p>\n<p>Le v\u00e9hicule doit \u00e9galement disposer d\u2019un <span data-lab-italic=\"italic\" class=\"italic m-italic\">score environnemental<\/span> appropri\u00e9, calcul\u00e9 en fonction des mat\u00e9riaux utilis\u00e9s, de l\u2019impact de la fabrication\/assemblage, de la production de la batterie et de la logistique de transport jusqu\u2019au point de vente.<\/p>\n<p>Le concessionnaire qui vend le v\u00e9hicule s\u2019occupe g\u00e9n\u00e9ralement des formalit\u00e9s li\u00e9es \u00e0 la subvention, qui est directement d\u00e9duite du prix d\u2019achat. Si ce n\u2019est pas le cas, les particuliers peuvent d\u00e9poser eux-m\u00eames leur demande, mais il leur est conseill\u00e9 de le faire avant de signer la commande de la nouvelle voiture.<\/p>\n<p class=\"font-weight-bold m-font-weight-bold\" data-lab-font_weight=\"font-weight-bold\">Les d\u00e9tails des entreprises participantes peuvent \u00eatre consult\u00e9s sur cette liste, qui a \u00e9t\u00e9 mise \u00e0 jour fin octobre et r\u00e9pertorie 36 soci\u00e9t\u00e9s.<\/p>\n<p>Pour b\u00e9n\u00e9ficier du dispositif de location sociale du gouvernement, votre <span data-lab-italic=\"italic\" class=\"italic m-italic\">revenu fiscal de r\u00e9f\u00e9rence<\/span> ne doit pas d\u00e9passer 16 300 \u20ac, et vous devez parcourir au moins 8 000 km par an pour vous rendre au travail et en revenir.<\/p>\n<p>Le dispositif permet aux m\u00e9nages actifs \u00e0 faible revenu de louer des v\u00e9hicules \u00e9lectriques pendant trois ans \u00e0 un tarif abordable et sans co\u00fbts initiaux.<\/p>\n<p>Le montant \u00e0 payer chaque mois d\u00e9pendra du mod\u00e8le de voiture \u00e9lectrique choisi, mais il doit \u00eatre inf\u00e9rieur \u00e0 200 \u20ac, hors assurance et co\u00fbts d\u2019entretien.<\/p>\n<p>\u00c0 la fin de la p\u00e9riode de trois ans, vous pouvez soit restituer le v\u00e9hicule, soit l\u2019acheter, la location longue dur\u00e9e (LLD) devenant en pratique une location avec option d\u2019achat (LOA), mais sans le paiement initial important g\u00e9n\u00e9ralement requis dans les sch\u00e9mas LOA.<\/p>\n<p>Pour en b\u00e9n\u00e9ficier, les conducteurs ne doivent pas avoir re\u00e7u (ou \u00eatre en train de recevoir) une autre aide financi\u00e8re destin\u00e9e \u00e0 faciliter l\u2019achat d\u2019une voiture \u00e9lectrique neuve (par exemple le <span data-lab-italic=\"italic\" class=\"italic m-italic\">coup de pouce v\u00e9hicules particuliers \u00e9lectriques<\/span>).<\/p>\n<p>Une fois que vous avez \u00e9tabli que vous \u00eates \u00e9ligible au dispositif, vous pouvez y acc\u00e9der directement via les concessionnaires automobiles participants.<\/p>\n<p>En d\u00e9cembre, l\u2019UE a confirm\u00e9 que son interdiction de 2035 sur la vente de voitures neuves \u00e0 essence et diesel serait att\u00e9nu\u00e9e ; seuls 90 % des v\u00e9hicules produits par les constructeurs devront \u00eatre \u00e0 z\u00e9ro \u00e9mission.<\/p>\n<\/div>\n","protected":false},"excerpt":{"rendered":"<p>Les ventes de v\u00e9hicules \u00e9lectriques atteignent un nouveau record en novembre 2025 Les voitures \u00e9lectriques continuent de gagner en popularit\u00e9 en France, d\u00e9passant pour la premi\u00e8re fois un quart des immatriculations en novembre. Des donn\u00e9es de la Plateforme automobile (PFA), organisation regroupant les constructeurs et les fournisseurs d&rsquo;\u00e9quipements, attribuent la croissance de novembre au succ\u00e8s [&hellip;]<\/p>\n","protected":false},"author":1,"featured_media":501,"comment_status":"open","ping_status":"open","sticky":false,"template":"","format":"standard","meta":{"footnotes":""},"categories":[1],"tags":[1128,724,1129,37,1127,39,694,134],"class_list":["post-862","post","type-post","status-publish","format-standard","has-post-thumbnail","hentry","category-non-classe","tag-depassent","tag-electriques","tag-fois","tag-france","tag-immatriculations","tag-pour","tag-premiere","tag-voitures"],"_links":{"self":[{"href":"https:\/\/www.rachida-dati.eu\/actualites\/wp-json\/wp\/v2\/posts\/862","targetHints":{"allow":["GET"]}}],"collection":[{"href":"https:\/\/www.rachida-dati.eu\/actualites\/wp-json\/wp\/v2\/posts"}],"about":[{"href":"https:\/\/www.rachida-dati.eu\/actualites\/wp-json\/wp\/v2\/types\/post"}],"author":[{"embeddable":true,"href":"https:\/\/www.rachida-dati.eu\/actualites\/wp-json\/wp\/v2\/users\/1"}],"replies":[{"embeddable":true,"href":"https:\/\/www.rachida-dati.eu\/actualites\/wp-json\/wp\/v2\/comments?post=862"}],"version-history":[{"count":1,"href":"https:\/\/www.rachida-dati.eu\/actualites\/wp-json\/wp\/v2\/posts\/862\/revisions"}],"predecessor-version":[{"id":863,"href":"https:\/\/www.rachida-dati.eu\/actualites\/wp-json\/wp\/v2\/posts\/862\/revisions\/863"}],"wp:featuredmedia":[{"embeddable":true,"href":"https:\/\/www.rachida-dati.eu\/actualites\/wp-json\/wp\/v2\/media\/501"}],"wp:attachment":[{"href":"https:\/\/www.rachida-dati.eu\/actualites\/wp-json\/wp\/v2\/media?parent=862"}],"wp:term":[{"taxonomy":"category","embeddable":true,"href":"https:\/\/www.rachida-dati.eu\/actualites\/wp-json\/wp\/v2\/categories?post=862"},{"taxonomy":"post_tag","embeddable":true,"href":"https:\/\/www.rachida-dati.eu\/actualites\/wp-json\/wp\/v2\/tags?post=862"}],"curies":[{"name":"wp","href":"https:\/\/api.w.org\/{rel}","templated":true}]}}