{"id":864,"date":"2026-01-13T08:46:51","date_gmt":"2026-01-13T07:46:51","guid":{"rendered":"https:\/\/www.rachida-dati.eu\/actualites\/ryanair-confirme-la-poursuite-des-vols-a-laeroport-de-tours-val-de-loire-malgre-les-reductions-de-dessertes\/"},"modified":"2026-01-13T08:46:51","modified_gmt":"2026-01-13T07:46:51","slug":"ryanair-confirme-la-poursuite-des-vols-a-laeroport-de-tours-val-de-loire-malgre-les-reductions-de-dessertes","status":"publish","type":"post","link":"https:\/\/www.rachida-dati.eu\/actualites\/ryanair-confirme-la-poursuite-des-vols-a-laeroport-de-tours-val-de-loire-malgre-les-reductions-de-dessertes\/","title":{"rendered":"Ryanair confirme la poursuite des vols \u00e0 l\u2019a\u00e9roport de Tours-Val de Loire malgr\u00e9 les r\u00e9ductions de dessertes"},"content":{"rendered":"<div data-element-guid=\"7f7332a5-aca0-4fee-9990-ec700b171346\">\n<h2 class=\"subtitle \" style=\"\">Les r\u00e9servations pour les vols d&rsquo;\u00e9t\u00e9 vers Marseille et le Maroc sont d\u00e9j\u00e0 ouvertes<\/h2>\n<\/p>\n<\/div>\n<div data-element-guid=\"938c9fa8-0246-4eb2-809c-dd9393300071\">\n<p><!-- placeholder(#1) --><\/p>\n<p>Ryanair maintiendra ses services \u00e0 l&rsquo;a\u00e9roport Tours-Val de Loire en 2026, les r\u00e9servations pour les vols d&rsquo;\u00e9t\u00e9 vers Marseille et le Maroc \u00e9tant d\u00e9j\u00e0 ouvertes, et les r\u00e9servations pour Porto attendues apr\u00e8s mars 2026.<\/p>\n<p>La compagnie a\u00e9rienne irlandaise \u00e0 bas co\u00fbts <span data-lab-font_weight=\"font-weight-bold\" class=\"font-weight-bold m-font-weight-bold\">a annonc\u00e9 l&rsquo;annulation de 25 trajets \u00e0 travers la France en r\u00e9ponse \u00e0 la hausse des taxes a\u00e9riennes<\/span> plus t\u00f4t cette ann\u00e9e.<\/p>\n<p>Elle a \u00e9galement cess\u00e9 toutes ses op\u00e9rations sur trois a\u00e9roports &#8211; Bergerac, Brive et Strasbourg &#8211; pour l&rsquo;hiver 2025.<\/p>\n<p>Cependant, Tours-Val de Loire continuera d&rsquo;accueillir les services de Ryanair, bien que l&rsquo;incertitude demeure quant au maintien de l&rsquo;ensemble des routes.\u00a0<\/p>\n<p>Cyril Godeaux, directeur du syndicat mixte de l&rsquo;a\u00e9roport, a d\u00e9crit l&rsquo;annonce comme \u00ab un soulagement \u00bb, tout en soulignant la prudence.<\/p>\n<p>\u00ab Dans le meilleur des cas, le planning sera identique \u00e0 2025. J&rsquo;esp\u00e8re ne pas perdre des itin\u00e9raires mais seulement des vols. Nous sommes pris dans l&rsquo;impasse entre Ryanair et le gouvernement fran\u00e7ais concernant la taxe de solidarit\u00e9 sur les billets d&rsquo;avion. \u00bb<\/p>\n<p>Depuis Tours, Ryanair op\u00e9rera deux vols hebdomadaires vers Marrakech jusqu&rsquo;en octobre 2026.\u00a0<\/p>\n<p>Les services estivaux vers Marseille, six jours par semaine, sont d\u00e9j\u00e0 ouverts \u00e0 la r\u00e9servation.\u00a0<\/p>\n<p>Les vols vers Porto devraient se poursuivre, bien que les d\u00e9tails restent \u00e0 pr\u00e9ciser. D&rsquo;autres dessertes, notamment vers Londres, restent suspendues \u00e0 la suite des r\u00e9ductions hivernales de 2025.<\/p>\n<p data-lab-font_weight=\"\">L&rsquo;incertitude entourant le r\u00e9seau de Ryanair s&rsquo;inscrit dans une tendance plus g\u00e9n\u00e9rale en France. L&rsquo;augmentation de la fiscalit\u00e9 a\u00e9rienne a incit\u00e9 les compagnies a\u00e9riennes, en particulier les transporteurs \u00e0 bas co\u00fbt, \u00e0 r\u00e9duire les vols.\u00a0<\/p>\n<p>Les a\u00e9roports fran\u00e7ais pr\u00e9voient une perte potentielle d&rsquo;environ 1,3 million de passagers au niveau national.\u00a0<\/p>\n<p>L&rsquo;Union des A\u00e9roports Fran\u00e7ais (UAF) a enregistr\u00e9 630 000 passagers de moins pendant la saison hivernale et pr\u00e9voit un d\u00e9ficit de 750 000 pour le printemps et l&rsquo;\u00e9t\u00e9 dans le cadre des d\u00e9cisions actuelles des compagnies a\u00e9riennes.<\/p>\n<\/div>\n","protected":false},"excerpt":{"rendered":"<p>Les r\u00e9servations pour les vols d&rsquo;\u00e9t\u00e9 vers Marseille et le Maroc sont d\u00e9j\u00e0 ouvertes Ryanair maintiendra ses services \u00e0 l&rsquo;a\u00e9roport Tours-Val de Loire en 2026, les r\u00e9servations pour les vols d&rsquo;\u00e9t\u00e9 vers Marseille et le Maroc \u00e9tant d\u00e9j\u00e0 ouvertes, et les r\u00e9servations pour Porto attendues apr\u00e8s mars 2026. La compagnie a\u00e9rienne irlandaise \u00e0 bas co\u00fbts [&hellip;]<\/p>\n","protected":false},"author":1,"featured_media":292,"comment_status":"open","ping_status":"open","sticky":false,"template":"","format":"standard","meta":{"footnotes":""},"categories":[1],"tags":[1130,42,1135,478,35,1133,367,1131,1134,308,1132,288],"class_list":["post-864","post","type-post","status-publish","format-standard","has-post-thumbnail","hentry","category-non-classe","tag-confirme","tag-des","tag-dessertes","tag-laeroport","tag-les","tag-loire","tag-malgre","tag-poursuite","tag-reductions","tag-ryanair","tag-toursval","tag-vols"],"_links":{"self":[{"href":"https:\/\/www.rachida-dati.eu\/actualites\/wp-json\/wp\/v2\/posts\/864","targetHints":{"allow":["GET"]}}],"collection":[{"href":"https:\/\/www.rachida-dati.eu\/actualites\/wp-json\/wp\/v2\/posts"}],"about":[{"href":"https:\/\/www.rachida-dati.eu\/actualites\/wp-json\/wp\/v2\/types\/post"}],"author":[{"embeddable":true,"href":"https:\/\/www.rachida-dati.eu\/actualites\/wp-json\/wp\/v2\/users\/1"}],"replies":[{"embeddable":true,"href":"https:\/\/www.rachida-dati.eu\/actualites\/wp-json\/wp\/v2\/comments?post=864"}],"version-history":[{"count":1,"href":"https:\/\/www.rachida-dati.eu\/actualites\/wp-json\/wp\/v2\/posts\/864\/revisions"}],"predecessor-version":[{"id":865,"href":"https:\/\/www.rachida-dati.eu\/actualites\/wp-json\/wp\/v2\/posts\/864\/revisions\/865"}],"wp:featuredmedia":[{"embeddable":true,"href":"https:\/\/www.rachida-dati.eu\/actualites\/wp-json\/wp\/v2\/media\/292"}],"wp:attachment":[{"href":"https:\/\/www.rachida-dati.eu\/actualites\/wp-json\/wp\/v2\/media?parent=864"}],"wp:term":[{"taxonomy":"category","embeddable":true,"href":"https:\/\/www.rachida-dati.eu\/actualites\/wp-json\/wp\/v2\/categories?post=864"},{"taxonomy":"post_tag","embeddable":true,"href":"https:\/\/www.rachida-dati.eu\/actualites\/wp-json\/wp\/v2\/tags?post=864"}],"curies":[{"name":"wp","href":"https:\/\/api.w.org\/{rel}","templated":true}]}}