{"id":866,"date":"2026-01-13T14:45:03","date_gmt":"2026-01-13T13:45:03","guid":{"rendered":"https:\/\/www.rachida-dati.eu\/actualites\/hopitaux-prets-a-affronter-une-hausse-apres-les-fetes\/"},"modified":"2026-01-13T14:45:03","modified_gmt":"2026-01-13T13:45:03","slug":"hopitaux-prets-a-affronter-une-hausse-apres-les-fetes","status":"publish","type":"post","link":"https:\/\/www.rachida-dati.eu\/actualites\/hopitaux-prets-a-affronter-une-hausse-apres-les-fetes\/","title":{"rendered":"H\u00f4pitaux pr\u00eats \u00e0 affronter une hausse apr\u00e8s les f\u00eates"},"content":{"rendered":"<div data-element-guid=\"7f7332a5-aca0-4fee-9990-ec700b171346\">\n<h2 class=\"subtitle \" style=\"\">La pression sur les h\u00f4pitaux devrait s&rsquo;accentuer apr\u00e8s la p\u00e9riode des f\u00eates<\/h2>\n<\/p>\n<\/div>\n<div data-element-guid=\"80fabb7d-f904-4405-a64f-e3a61e2e31dd\">\n<p><!-- placeholder(#1) --><\/p>\n<p>Les cas de grippe saisonni\u00e8re en France devraient atteindre un pic en janvier, les services d&rsquo;urgence avertissant que la pression sur les h\u00f4pitaux s&rsquo;accentuera imm\u00e9diatement apr\u00e8s la p\u00e9riode des f\u00eates.<\/p>\n<p>\u00ab Nous savons qu&rsquo;au d\u00e9but du mois de janvier nous serons dans une situation tr\u00e8s difficile \u00bb, a d\u00e9clar\u00e9 le Dr Louis Soulat, vice-pr\u00e9sident des Samu Urgences de France et chef du service Samu en Ille-et-Vilaine, lors d&rsquo;un passage sur Franceinfo le 26 d\u00e9cembre.<\/p>\n<p>L&rsquo;\u00e9pid\u00e9mie de grippe est actuellement \u00e0 un niveau \u00ab mod\u00e9r\u00e9 \u00bb, selon le point hebdomadaire de Sant\u00e9 publique France (SPF), mais toutes les r\u00e9gions m\u00e9tropolitaines sont d\u00e9sormais class\u00e9es en phase \u00e9pid\u00e9mique.\u00a0<\/p>\n<p>L&rsquo;agence de sant\u00e9 publique pr\u00e9voit que le pic de grippe se produira fin d\u00e9cembre ou d\u00e9but janvier, apr\u00e8s l&rsquo;augmentation des \u00e9changes sociaux pendant No\u00ebl et le Nouvel An.<\/p>\n<p>Le Dr Soulat a soulign\u00e9 que l&rsquo;\u00e9pid\u00e9mie n&rsquo;avait pas encore atteint sa phase la plus aigu\u00eb.\u00a0<\/p>\n<p>Il a not\u00e9 que les h\u00f4pitaux demeurent en dessous des niveaux observ\u00e9s l&rsquo;hiver dernier, lorsque de nombreux \u00e9tablissements ont \u00e9t\u00e9 oblig\u00e9s d&rsquo;activer les proc\u00e9dures d&rsquo;urgence du \u00ab plan blanc \u00bb.\u00a0<\/p>\n<p>Cependant, a-t-il poursuivi, l&rsquo;activit\u00e9 est d\u00e9j\u00e0 \u00ab forte et dense \u00bb, particuli\u00e8rement dans les services d&rsquo;urgence.<\/p>\n<h2>Hausse des hospitalisations<\/h2>\n<p>Les hospitalisations directement li\u00e9es \u00e0 la grippe ont augment\u00e9 d&rsquo;environ 10 \u00e0 15 % par rapport \u00e0 la semaine pr\u00e9c\u00e9dente, en grande partie en raison de complications chez les patients vuln\u00e9rables, notamment les personnes \u00e2g\u00e9es et les jeunes enfants.\u00a0<\/p>\n<p>Les donn\u00e9es SPF montrent que, bien que tous les groupes d&rsquo;\u00e2ge soient touch\u00e9s, l&rsquo;impact est le plus marqu\u00e9 chez les moins de 15 ans et chez les personnes de 65 ans et plus, o\u00f9 l&rsquo;activit\u00e9 grippale a atteint une intensit\u00e9 mod\u00e9r\u00e9e.<\/p>\n<p>Le calendrier des cong\u00e9s ajoute \u00e0 la tension. Les week-ends prolong\u00e9s de cette ann\u00e9e apr\u00e8s No\u00ebl et le Nouvel An compliquent la planification des plannings du personnel, a d\u00e9clar\u00e9 le Dr Soulat.\u00a0<\/p>\n<p>Dans les Bouches-du-Rh\u00f4ne, 17 m\u00e9decins g\u00e9n\u00e9ralistes ont \u00e9t\u00e9 r\u00e9quisitionn\u00e9s jusqu&rsquo;au 4 janvier pour assurer la continuit\u00e9 des soins en dehors des heures habituelles.<\/p>\n<p>Les chiffres de surveillance nationale soulignent la rapidit\u00e9 de cette hausse.\u00a0<\/p>\n<p>Au cours de la semaine du 15 au 21 d\u00e9cembre, on estimait \u00e0 349 les consultations li\u00e9es \u00e0 la grippe pour 100 000 habitants, soit une hausse de 24 % par rapport \u00e0 la semaine pr\u00e9c\u00e9dente.\u00a0<\/p>\n<p>Les services d&rsquo;urgence ont enregistr\u00e9 plus de 15 300 passages pour des sympt\u00f4mes grippaux, soit une hausse de 45 %, tandis que les admissions hospitali\u00e8res suivant des passages aux urgences ont augment\u00e9 de 50 % pour atteindre plus de 2 500 cas.<\/p>\n<p>Entre le d\u00e9but et la mi-d\u00e9cembre, SPF a signal\u00e9 une augmentation nationale de 60 % des visites d&rsquo;urgence et des hospitalisations li\u00e9es \u00e0 la grippe.\u00a0<\/p>\n<p><span data-lab-font_weight=\"font-weight-bold\" class=\"font-weight-bold m-font-weight-bold\">La vaccination reste recommand\u00e9e<\/span>, SPF notant qu&rsquo;il est toujours possible de se faire vacciner contre la grippe et le Covid-19.\u00a0<\/p>\n<p>Les responsables exhortent \u00e9galement \u00e0 continuer d&rsquo;utiliser les mesures pr\u00e9ventives de base, notamment le lavage des mains, la ventilation et le port du masque lorsque des sympt\u00f4mes sont pr\u00e9sents, afin de limiter une nouvelle propagation.<\/p>\n<\/div>\n","protected":false},"excerpt":{"rendered":"<p>La pression sur les h\u00f4pitaux devrait s&rsquo;accentuer apr\u00e8s la p\u00e9riode des f\u00eates Les cas de grippe saisonni\u00e8re en France devraient atteindre un pic en janvier, les services d&rsquo;urgence avertissant que la pression sur les h\u00f4pitaux s&rsquo;accentuera imm\u00e9diatement apr\u00e8s la p\u00e9riode des f\u00eates. \u00ab Nous savons qu&rsquo;au d\u00e9but du mois de janvier nous serons dans une [&hellip;]<\/p>\n","protected":false},"author":1,"featured_media":867,"comment_status":"open","ping_status":"open","sticky":false,"template":"","format":"standard","meta":{"footnotes":""},"categories":[1],"tags":[1138,28,1139,230,1136,35,1137,29],"class_list":["post-866","post","type-post","status-publish","format-standard","has-post-thumbnail","hentry","category-non-classe","tag-affronter","tag-apres","tag-fetes","tag-hausse","tag-hopitaux","tag-les","tag-prets","tag-une"],"_links":{"self":[{"href":"https:\/\/www.rachida-dati.eu\/actualites\/wp-json\/wp\/v2\/posts\/866","targetHints":{"allow":["GET"]}}],"collection":[{"href":"https:\/\/www.rachida-dati.eu\/actualites\/wp-json\/wp\/v2\/posts"}],"about":[{"href":"https:\/\/www.rachida-dati.eu\/actualites\/wp-json\/wp\/v2\/types\/post"}],"author":[{"embeddable":true,"href":"https:\/\/www.rachida-dati.eu\/actualites\/wp-json\/wp\/v2\/users\/1"}],"replies":[{"embeddable":true,"href":"https:\/\/www.rachida-dati.eu\/actualites\/wp-json\/wp\/v2\/comments?post=866"}],"version-history":[{"count":1,"href":"https:\/\/www.rachida-dati.eu\/actualites\/wp-json\/wp\/v2\/posts\/866\/revisions"}],"predecessor-version":[{"id":868,"href":"https:\/\/www.rachida-dati.eu\/actualites\/wp-json\/wp\/v2\/posts\/866\/revisions\/868"}],"wp:featuredmedia":[{"embeddable":true,"href":"https:\/\/www.rachida-dati.eu\/actualites\/wp-json\/wp\/v2\/media\/867"}],"wp:attachment":[{"href":"https:\/\/www.rachida-dati.eu\/actualites\/wp-json\/wp\/v2\/media?parent=866"}],"wp:term":[{"taxonomy":"category","embeddable":true,"href":"https:\/\/www.rachida-dati.eu\/actualites\/wp-json\/wp\/v2\/categories?post=866"},{"taxonomy":"post_tag","embeddable":true,"href":"https:\/\/www.rachida-dati.eu\/actualites\/wp-json\/wp\/v2\/tags?post=866"}],"curies":[{"name":"wp","href":"https:\/\/api.w.org\/{rel}","templated":true}]}}