{"id":876,"date":"2026-01-14T12:44:58","date_gmt":"2026-01-14T11:44:58","guid":{"rendered":"https:\/\/www.rachida-dati.eu\/actualites\/ryanair-securise-des-liaisons-ete-2026-vers-laeroport-dole-jura-malgre-les-coupes-dans-les-services-en-france\/"},"modified":"2026-01-14T12:44:59","modified_gmt":"2026-01-14T11:44:59","slug":"ryanair-securise-des-liaisons-ete-2026-vers-laeroport-dole-jura-malgre-les-coupes-dans-les-services-en-france","status":"publish","type":"post","link":"https:\/\/www.rachida-dati.eu\/actualites\/ryanair-securise-des-liaisons-ete-2026-vers-laeroport-dole-jura-malgre-les-coupes-dans-les-services-en-france\/","title":{"rendered":"Ryanair s\u00e9curise des liaisons \u00e9t\u00e9 2026 vers l\u2019a\u00e9roport Dole-Jura malgr\u00e9 les coupes dans les services en France"},"content":{"rendered":"<div data-element-guid=\"7f7332a5-aca0-4fee-9990-ec700b171346\">\n<h2 class=\"subtitle \" style=\"\">La compagnie a\u00e9rienne avait d\u00e9j\u00e0 annonc\u00e9 que davantage de liaisons vers la France seraient supprim\u00e9es l&rsquo;ann\u00e9e prochaine<\/h2>\n<\/p>\n<\/div>\n<div data-element-guid=\"f96e8c67-0b6b-4917-9b70-d7c224b051d3\">\n<p><!-- placeholder(#1) --><\/p>\n<p>Ryanair maintiendra ses liaisons estivales vers l&rsquo;a\u00e9roport de Dole-Jura en 2026, offrant des options de voyage estival pour les habitants de l\u2019est de la France. <\/p>\n<p>Cela signifie que l&rsquo;a\u00e9roport ne fera pas partie de ceux affect\u00e9s par les projets de la compagnie visant \u00e0 r\u00e9duire les services vers les a\u00e9roports fran\u00e7ais au cours des prochains mois.<\/p>\n<p>Le transporteur irlandais \u00e0 bas co\u00fbt op\u00e8re trois liaisons &#8211; vers Porto (Portugal), Marrakech et F\u00e8s (Maroc) &#8211; au d\u00e9part de l&rsquo;a\u00e9roport situ\u00e9 \u00e0 50 km au sud-est de Dijon.<\/p>\n<p>\u00ab Cet engagement d\u00e9montre la confiance de la compagnie dans le potentiel du march\u00e9 r\u00e9gional et les opportunit\u00e9s de d\u00e9veloppement offertes par l&rsquo;a\u00e9roport de Dole \u00bb, a d\u00e9clar\u00e9 Edeis, la soci\u00e9t\u00e9 qui g\u00e8re l&rsquo;a\u00e9roport apr\u00e8s l&rsquo;annonce.<\/p>\n<p>En plus des vols Ryanair, Air Corsica op\u00e9rera des services vers Bastia et Ajaccio. <\/p>\n<p>Les billets sont d\u00e9sormais disponibles \u00e0 la r\u00e9servation sur les sites de Ryanair et de l&rsquo;a\u00e9roport pour les services respectifs.\u00a0<\/p>\n<h2>Des inqui\u00e9tudes persistent quant aux retraits de Ryanair<\/h2>\n<p>En novembre, Ryanair a d\u00e9clar\u00e9 qu&rsquo;elle <span data-lab-font_weight=\"font-weight-bold\" class=\"font-weight-bold m-font-weight-bold\">continuerait \u00e0 se retirer des a\u00e9roports r\u00e9gionaux fran\u00e7ais \u00e0 l&rsquo;\u00e9t\u00e9 2026<\/span>, apr\u00e8s avoir supprim\u00e9 des liaisons cet hiver vers des a\u00e9roports tels que Bergerac, Brive et Strasbourg et en r\u00e9duisant fortement ses op\u00e9rations vers d&rsquo;autres comme B\u00e9ziers.\u00a0<\/p>\n<p>Elle a indiqu\u00e9 que ce mouvement \u00e9tait d\u00fb \u00e0 l\u2019augmentation des taxes a\u00e9riennes rendant les liaisons vers les a\u00e9roports r\u00e9gionaux en France non rentables, et qu&rsquo;elle choisit de se concentrer sur des services plus rentables vers d&rsquo;autres destinations europ\u00e9ennes.<\/p>\n<p>Alors que les nouvelles du calendrier estival de la compagnie continuent d&rsquo;appara\u00eetre \u2013 y compris <span data-lab-font_weight=\"font-weight-bold\" class=\"font-weight-bold m-font-weight-bold\">le retour complet des services estivaux Royaume-Uni-France vers Bergerac<\/span> et une avalanche de vols en provenance de Carcassonne \u2013 le risque subsiste que certaines liaisons r\u00e9gionales disparaissent.<\/p>\n<p>Ryanair n&rsquo;a pas donn\u00e9 de d\u00e9tails complets sur les liaisons qui doivent prendre fin, laissant les clients qui en d\u00e9pendent craindre que leur liaison habituelle ne revienne pas.<\/p>\n<p>Dans plusieurs cas comme Dole-Jura, Ryanair est l&rsquo;un des rares op\u00e9rateurs \u00e0 proposer des services r\u00e9guliers, rendant ces liaisons vitales pour le fonctionnement de l&rsquo;a\u00e9roport ainsi que pour les habitants locaux.\u00a0<\/p>\n<\/div>\n","protected":false},"excerpt":{"rendered":"<p>La compagnie a\u00e9rienne avait d\u00e9j\u00e0 annonc\u00e9 que davantage de liaisons vers la France seraient supprim\u00e9es l&rsquo;ann\u00e9e prochaine Ryanair maintiendra ses liaisons estivales vers l&rsquo;a\u00e9roport de Dole-Jura en 2026, offrant des options de voyage estival pour les habitants de l\u2019est de la France. Cela signifie que l&rsquo;a\u00e9roport ne fera pas partie de ceux affect\u00e9s par les [&hellip;]<\/p>\n","protected":false},"author":1,"featured_media":877,"comment_status":"open","ping_status":"open","sticky":false,"template":"","format":"standard","meta":{"footnotes":""},"categories":[1],"tags":[474,50,42,1149,387,37,478,35,104,367,308,1148,477,105],"class_list":["post-876","post","type-post","status-publish","format-standard","has-post-thumbnail","hentry","category-non-classe","tag-coupes","tag-dans","tag-des","tag-dolejura","tag-ete","tag-france","tag-laeroport","tag-les","tag-liaisons","tag-malgre","tag-ryanair","tag-securise","tag-services","tag-vers"],"_links":{"self":[{"href":"https:\/\/www.rachida-dati.eu\/actualites\/wp-json\/wp\/v2\/posts\/876","targetHints":{"allow":["GET"]}}],"collection":[{"href":"https:\/\/www.rachida-dati.eu\/actualites\/wp-json\/wp\/v2\/posts"}],"about":[{"href":"https:\/\/www.rachida-dati.eu\/actualites\/wp-json\/wp\/v2\/types\/post"}],"author":[{"embeddable":true,"href":"https:\/\/www.rachida-dati.eu\/actualites\/wp-json\/wp\/v2\/users\/1"}],"replies":[{"embeddable":true,"href":"https:\/\/www.rachida-dati.eu\/actualites\/wp-json\/wp\/v2\/comments?post=876"}],"version-history":[{"count":1,"href":"https:\/\/www.rachida-dati.eu\/actualites\/wp-json\/wp\/v2\/posts\/876\/revisions"}],"predecessor-version":[{"id":878,"href":"https:\/\/www.rachida-dati.eu\/actualites\/wp-json\/wp\/v2\/posts\/876\/revisions\/878"}],"wp:featuredmedia":[{"embeddable":true,"href":"https:\/\/www.rachida-dati.eu\/actualites\/wp-json\/wp\/v2\/media\/877"}],"wp:attachment":[{"href":"https:\/\/www.rachida-dati.eu\/actualites\/wp-json\/wp\/v2\/media?parent=876"}],"wp:term":[{"taxonomy":"category","embeddable":true,"href":"https:\/\/www.rachida-dati.eu\/actualites\/wp-json\/wp\/v2\/categories?post=876"},{"taxonomy":"post_tag","embeddable":true,"href":"https:\/\/www.rachida-dati.eu\/actualites\/wp-json\/wp\/v2\/tags?post=876"}],"curies":[{"name":"wp","href":"https:\/\/api.w.org\/{rel}","templated":true}]}}