{"id":891,"date":"2026-01-15T22:42:33","date_gmt":"2026-01-15T21:42:33","guid":{"rendered":"https:\/\/www.rachida-dati.eu\/actualites\/la-france-lutte-contre-les-fourmis-electriques-invasives-alors-que-les-coupes-budgetaires-menacent-leradication\/"},"modified":"2026-01-15T22:42:33","modified_gmt":"2026-01-15T21:42:33","slug":"la-france-lutte-contre-les-fourmis-electriques-invasives-alors-que-les-coupes-budgetaires-menacent-leradication","status":"publish","type":"post","link":"https:\/\/www.rachida-dati.eu\/actualites\/la-france-lutte-contre-les-fourmis-electriques-invasives-alors-que-les-coupes-budgetaires-menacent-leradication\/","title":{"rendered":"La France lutte contre les fourmis \u00e9lectriques invasives alors que les coupes budg\u00e9taires menacent l&rsquo;\u00e9radication"},"content":{"rendered":"<div data-element-guid=\"7f7332a5-aca0-4fee-9990-ec700b171346\">\n<h2 class=\"subtitle \" style=\"\">Des colonies agressives sont difficiles \u00e0 \u00e9radiquer et les chercheurs doivent obtenir l&rsquo;approbation pour tester de nouvelles m\u00e9thodes<\/h2>\n<\/p>\n<\/div>\n<div data-element-guid=\"f0fbd4bd-8c2f-4cc8-9bc0-b64411e41c55\">\n<p><!-- placeholder(#1) --><\/p>\n<p>Des inqui\u00e9tudes sont exprim\u00e9es quant au risque que les colonies de fourmis \u00e9lectriques se propagent \u00e0 travers la France, alors que des probl\u00e8mes budg\u00e9taires et des tracasseries administratives entravent l&rsquo;effort d&rsquo;\u00e9radication de deux \u00ab supercolonies \u00bb dans le sud.<\/p>\n<p>Premi\u00e8re observation en France en 2022 pr\u00e8s de Toulon (Var), <span data-lab-font_weight=\"font-weight-bold\" class=\"font-weight-bold m-font-weight-bold\">une seconde colonie de fourmis a \u00e9t\u00e9 d\u00e9couverte plus tard dans le d\u00e9partement en 2024<\/span>, pr\u00e8s de La-Croix-Valmer, \u00e0 environ 60 km \u00e0 l&rsquo;est de Toulon.<\/p>\n<p>Depuis leur apparition en Espagne en 2016, la Commission europ\u00e9enne a r\u00e9pertori\u00e9 les fourmis comme une \u00ab esp\u00e8ce pr\u00e9occupante \u00bb.\u00a0<\/p>\n<p>Les minuscules insectes, aussi connus sous le nom de petites fourmis-feu, mesurent environ 1,5 mm et doivent leur nom \u00e0 leurs piq\u00fbres puissantes et \u00e0 leur tendance \u00e0 viser les humains. Ils pr\u00e9sentent une couleur brun-roux terne. <\/p>\n<p>Leurs piq\u00fbres peuvent provoquer un choc anaphylactique chez l&rsquo;humain. Elles peuvent aussi attaquer les animaux domestiques tels que les chats et les chiens, en concentrant leurs piq\u00fbres autour des yeux, entra\u00eenant souvent la c\u00e9cit\u00e9 chez ces animaux.<\/p>\n<p>Les fourmis sont aussi agressives envers d&rsquo;autres insectes et leurs colonies peuvent souvent neutraliser celles d&rsquo;autres esp\u00e8ces, envahissant d&rsquo;immenses \u00e9tendues de terrain et perturbant des \u00e9cosyst\u00e8mes naturels qui d\u00e9pendaient de la pr\u00e9sence des colonies pr\u00e9c\u00e9dentes.\u00a0<\/p>\n<p>\u00c0 La-Croix-Valmer, la colonie a attaqu\u00e9 des nids d&rsquo;oiseaux et des mouches.\u00a0<\/p>\n<p>Les fourmis proviennent d&rsquo;Am\u00e9rique centrale et du Sud bien que celles observ\u00e9es dans le Var soient issues d&rsquo;une souche isra\u00e9lienne de l&rsquo;esp\u00e8ce, qui est plus r\u00e9sistante au froid, redoutant qu&rsquo;elles ne se propagent plus loin vers le nord que la c\u00f4te m\u00e9diterran\u00e9enne.\u00a0<\/p>\n<p>On pense qu&rsquo;elles arrivent avec les importations de plantes, on sait qu&rsquo;elles se reposent dans les d\u00e9bris v\u00e9g\u00e9taux et le sol, un lieu de repos qui les rend particuli\u00e8rement difficiles \u00e0 \u00e9radiquer.\u00a0<\/p>\n<h2>Des difficult\u00e9s de financement au milieu des coupes budg\u00e9taires\u00a0<\/h2>\n<p>La perspective que ces colonies se propagent davantage le long de la c\u00f4te ou vers la France continentale est redout\u00e9e par les \u00e9cologistes, avec l&rsquo;Office fran\u00e7ais de la biodiversit\u00e9 (OFB) d\u00e9clarant que leur \u00ab arriv\u00e9e pourrait perturber l&rsquo;ensemble de notre \u00e9cosyst\u00e8me \u00bb.\u00a0<\/p>\n<p>\u00ab Le suivi des voies d&rsquo;introduction et de propagation de cette esp\u00e8ce exotique invasive\u2026 rel\u00e8ve enti\u00e8rement de la responsabilit\u00e9 de l&rsquo;\u00c9tat \u00bb, a d\u00e9clar\u00e9 Laurine Karkid\u00e8s, directrice adjointe de Fredon Paca, un r\u00e9seau d&rsquo;experts d\u00e9di\u00e9 \u00e0 la sant\u00e9 des plantes et \u00e0 l&rsquo;environnement, qui fait partie du groupe charg\u00e9 d&rsquo;\u00e9radiquer les fourmis.\u00a0<\/p>\n<p>Une subvention initiale de 200 000 \u20ac a \u00e9t\u00e9 accord\u00e9e \u00e0 une \u00e9quipe recherchant la colonie de Toulon, mais cela n&rsquo;a pas suffi \u00e0 \u00e9radiquer la colonie qui peut prendre environ trois ans.<\/p>\n<p>Lorsque la seconde colonie a \u00e9t\u00e9 d\u00e9couverte, un financement suppl\u00e9mentaire \u00e9tait pr\u00e9vu mais a \u00e9t\u00e9 bloqu\u00e9 alors que la France fait face \u00e0 une dette d&rsquo;\u00c9tat croissante.<\/p>\n<p>Les propositions initiales pour le budget de 2026 pr\u00e9voyaient une r\u00e9duction des niveaux du \u00ab fonds vert \u00bb qui a \u00e9t\u00e9 utilis\u00e9 \u00e0 ce jour. Si les niveaux plus bas restent en vigueur dans le texte \u00e9ventuel de 2026, il pourrait \u00eatre difficile d&rsquo;obtenir l&rsquo;aide n\u00e9cessaire.\u00a0<\/p>\n<h2>Colonies difficiles \u00e0 \u00e9radiquer\u00a0<\/h2>\n<p>Les chercheurs charg\u00e9s d&rsquo;\u00e9liminer les colonies soulignent \u00e9galement les difficult\u00e9s \u00e0 faire approuver les mesures.\u00a0<\/p>\n<p>Les pi\u00e8ges \u00e0 fourmis typiques utilis\u00e9s pour les esp\u00e8ces domestiques en France sont bas\u00e9s sur des app\u00e2ts au go\u00fbt sucr\u00e9 et \u00e0 l&rsquo;odeur attirante, auxquelles les fourmis \u00e9lectriques ne sont pas attir\u00e9es.<\/p>\n<p>Un produit australien, Campaign, est efficace pour \u00e9liminer les colonies, mais les r\u00e8gles actuelles font qu&rsquo;il ne peut \u00eatre import\u00e9 que pour une utilisation sur un site pr\u00e9cis, \u00e0 un moment donn\u00e9 et selon une m\u00e9thode particuli\u00e8re.\u00a0<\/p>\n<p>Cependant, les fourmis peuvent largement \u00e9viter les pi\u00e8ges \u00e0 app\u00e2ts dans lesquels le produit est utilis\u00e9, des recherches sugg\u00e9rant que la meilleure m\u00e9thode pour tuer les colonies est de r\u00e9pandre largement le produit \u2013 une mesure actuellement interdite par les r\u00e9glementations de s\u00e9curit\u00e9.\u00a0<\/p>\n<p>Le Minist\u00e8re de la Transition \u00e9cologique a d\u00e9clar\u00e9 \u00e0 l&rsquo;AFP qu&rsquo;il \u00ab examinait \u00bb les exemptions pour l&rsquo;utilisation du produit, mais que les \u00ab risques toxicologiques \u00bb subsistent et que d&rsquo;autres tests doivent \u00eatre effectu\u00e9s, ajoutant aussi que, comme les fourmis se propagent par les plantes, le sol et les d\u00e9bris, la mesure n&rsquo;est pas garantie d&rsquo;\u00e9radiquer les colonies.\u00a0<\/p>\n<\/div>\n","protected":false},"excerpt":{"rendered":"<p>Des colonies agressives sont difficiles \u00e0 \u00e9radiquer et les chercheurs doivent obtenir l&rsquo;approbation pour tester de nouvelles m\u00e9thodes Des inqui\u00e9tudes sont exprim\u00e9es quant au risque que les colonies de fourmis \u00e9lectriques se propagent \u00e0 travers la France, alors que des probl\u00e8mes budg\u00e9taires et des tracasseries administratives entravent l&rsquo;effort d&rsquo;\u00e9radication de deux \u00ab supercolonies \u00bb dans [&hellip;]<\/p>\n","protected":false},"author":1,"featured_media":892,"comment_status":"open","ping_status":"open","sticky":false,"template":"","format":"standard","meta":{"footnotes":""},"categories":[1],"tags":[88,1164,179,474,724,1162,37,1163,1166,35,1161,1165],"class_list":["post-891","post","type-post","status-publish","format-standard","has-post-thumbnail","hentry","category-non-classe","tag-alors","tag-budgetaires","tag-contre","tag-coupes","tag-electriques","tag-fourmis","tag-france","tag-invasives","tag-leradication","tag-les","tag-lutte","tag-menacent"],"_links":{"self":[{"href":"https:\/\/www.rachida-dati.eu\/actualites\/wp-json\/wp\/v2\/posts\/891","targetHints":{"allow":["GET"]}}],"collection":[{"href":"https:\/\/www.rachida-dati.eu\/actualites\/wp-json\/wp\/v2\/posts"}],"about":[{"href":"https:\/\/www.rachida-dati.eu\/actualites\/wp-json\/wp\/v2\/types\/post"}],"author":[{"embeddable":true,"href":"https:\/\/www.rachida-dati.eu\/actualites\/wp-json\/wp\/v2\/users\/1"}],"replies":[{"embeddable":true,"href":"https:\/\/www.rachida-dati.eu\/actualites\/wp-json\/wp\/v2\/comments?post=891"}],"version-history":[{"count":1,"href":"https:\/\/www.rachida-dati.eu\/actualites\/wp-json\/wp\/v2\/posts\/891\/revisions"}],"predecessor-version":[{"id":893,"href":"https:\/\/www.rachida-dati.eu\/actualites\/wp-json\/wp\/v2\/posts\/891\/revisions\/893"}],"wp:featuredmedia":[{"embeddable":true,"href":"https:\/\/www.rachida-dati.eu\/actualites\/wp-json\/wp\/v2\/media\/892"}],"wp:attachment":[{"href":"https:\/\/www.rachida-dati.eu\/actualites\/wp-json\/wp\/v2\/media?parent=891"}],"wp:term":[{"taxonomy":"category","embeddable":true,"href":"https:\/\/www.rachida-dati.eu\/actualites\/wp-json\/wp\/v2\/categories?post=891"},{"taxonomy":"post_tag","embeddable":true,"href":"https:\/\/www.rachida-dati.eu\/actualites\/wp-json\/wp\/v2\/tags?post=891"}],"curies":[{"name":"wp","href":"https:\/\/api.w.org\/{rel}","templated":true}]}}