{"id":903,"date":"2026-01-16T19:46:47","date_gmt":"2026-01-16T18:46:47","guid":{"rendered":"https:\/\/www.rachida-dati.eu\/actualites\/dernieres-actualites-sur-les-blocages-et-les-manifestations\/"},"modified":"2026-01-16T19:46:47","modified_gmt":"2026-01-16T18:46:47","slug":"dernieres-actualites-sur-les-blocages-et-les-manifestations","status":"publish","type":"post","link":"https:\/\/www.rachida-dati.eu\/actualites\/dernieres-actualites-sur-les-blocages-et-les-manifestations\/","title":{"rendered":"Derni\u00e8res actualit\u00e9s sur les blocages et les manifestations"},"content":{"rendered":"<div data-element-guid=\"7f7332a5-aca0-4fee-9990-ec700b171346\">\n<h2 class=\"subtitle \" style=\"\">Certains syndicats continuent de manifester malgr\u00e9 la proposition de \u00ab loi d\u2019urgence \u00bb<\/h2>\n<\/p>\n<\/div>\n<div data-element-guid=\"92b25f43-c3ec-4ff4-fa48-827182b3e2bf\">\n<p><!-- placeholder(#1) --><\/p>\n<p>Les protestations des agriculteurs fran\u00e7ais semblent perdre de leur \u00e9lan \u00e0 travers le pays, mais certaines blocages et perturbations persistent aujourd&rsquo;hui, le 15 janvier, en particulier dans l&rsquo;ouest du pays et autour de Lyon.<\/p>\n<p>Une nouvelle <span data-lab-font_weight=\"font-weight-bold\" class=\"font-weight-bold m-font-weight-bold\">proposition de \u00ab loi d\u2019urgence \u00bb qui a re\u00e7u le soutien de la FNSEA<\/span> \u2013 la plus grande f\u00e9d\u00e9ration syndicale du secteur en France \u2013 signifie que le groupe concentre d\u00e9sormais ses efforts sur une manifestation pr\u00e9vue le 20 janvier devant le parlement europ\u00e9en \u00e0 Strasbourg, et il est peu probable qu\u2019il lance des perturbations domestiques. <\/p>\n<p>De plus, les forces de l\u2019ordre ont lev\u00e9 de force un nouveau blocus de l\u2019A64 pr\u00e8s de Toulouse hier, et ont emp\u00each\u00e9 un convoi de tracteurs d\u2019entrer en ville pour bloquer la circulation. <\/p>\n<p>Cependant, les sections locales de syndicats comprenant la Coordination rurale, la Conf\u00e9d\u00e9ration Paysanne, et certains des Jeunes Agriculteurs (branche jeunesse de la FNSEA) continuent de provoquer des perturbations.<\/p>\n<p>Des dizaines d\u2019agriculteurs de la Conf\u00e9d\u00e9ration Paysanne ont \u00e9t\u00e9 arr\u00eat\u00e9s apr\u00e8s avoir protest\u00e9 devant le minist\u00e8re de l\u2019Agriculture hier, et des membres ont critiqu\u00e9 la FNSEA pour avoir accept\u00e9 la loi d\u2019urgence du gouvernement jug\u00e9e \u00ab insuffisante \u00bb. <\/p>\n<p>Un convoi de tracteurs de la FNSEA avait quitt\u00e9 la ville plus t\u00f4t dans la journ\u00e9e, \u00e0 la suite d\u2019une r\u00e9union tardive avec le minist\u00e8re sur le financement accru des agriculteurs en difficult\u00e9. <\/p>\n<h2>O\u00f9 l&rsquo;action de protestation se poursuit-elle ?<\/h2>\n<p>Lyon (Rh\u00f4ne) est un site majeur d&rsquo;action aujourd&rsquo;hui, des agriculteurs venus de tout l&rsquo;est du pays \u00e9tant mobilis\u00e9s pour bloquer la ville.<\/p>\n<p>Des tracteurs commenceront \u00e0 p\u00e9n\u00e9trer dans la ville \u00e0 partir d&rsquo;environ 10h30, selon les m\u00e9dias locaux. Il est probable que les forces de l\u2019ordre tenteront d\u2019emp\u00eacher la perturbation comme elles l\u2019ont fait \u00e0 Toulouse hier.<\/p>\n<p>Les agriculteurs pr\u00e9voient \u00e9galement une manifestation \u00e0 Poitiers (Vienne) ce soir \u00e0 18h00, ce qui pourrait entra\u00eener des probl\u00e8mes de circulation pour les voyageurs \u00e0 travers le d\u00e9partement.<\/p>\n<p>Bien qu\u2019aucune manifestation d\u2019envergure n\u2019est pr\u00e9vue \u00e0 Paris, un convoi d\u2019environ 30 tracteurs dans le d\u00e9partement voisin du Val-d\u2019Oise pr\u00e9voit de bloquer la D14, protestant contre les probl\u00e8mes de tr\u00e9sorerie, ainsi que contre l\u2019accord de libre-\u00e9change UE-Mercosur et le traitement des troupeaux bovins touch\u00e9s par la maladie de la peau bossell\u00e9e.<\/p>\n<p>Vous pouvez utiliser notre article <span data-lab-font_weight=\"font-weight-bold\" class=\"font-weight-bold m-font-weight-bold\">ici<\/span> pour suivre les blocages \u00e0 travers le pays.<\/p>\n<p>Bien qu&rsquo;il y ait peu de perturbations sur les autoroutes, des routes secondaires pourraient \u00eatre bloqu\u00e9es par des branches locales.<\/p>\n<p>Il peut \u00eatre difficile de pr\u00e9voir o\u00f9 les perturbations auront lieu, car l\u2019action des agriculteurs est sporadique, les sections locales agissant ind\u00e9pendamment des syndicats nationaux, et les agriculteurs ne donnent pas toujours d\u2019avis pr\u00e9alable sur les d\u00e9monstrations ou les blocages.<\/p>\n<\/div>\n","protected":false},"excerpt":{"rendered":"<p>Certains syndicats continuent de manifester malgr\u00e9 la proposition de \u00ab loi d\u2019urgence \u00bb Les protestations des agriculteurs fran\u00e7ais semblent perdre de leur \u00e9lan \u00e0 travers le pays, mais certaines blocages et perturbations persistent aujourd&rsquo;hui, le 15 janvier, en particulier dans l&rsquo;ouest du pays et autour de Lyon. Une nouvelle proposition de \u00ab loi d\u2019urgence \u00bb [&hellip;]<\/p>\n","protected":false},"author":1,"featured_media":904,"comment_status":"open","ping_status":"open","sticky":false,"template":"","format":"standard","meta":{"footnotes":""},"categories":[1],"tags":[1179,791,1178,35,1015,30],"class_list":["post-903","post","type-post","status-publish","format-standard","has-post-thumbnail","hentry","category-non-classe","tag-actualites","tag-blocages","tag-dernieres","tag-les","tag-manifestations","tag-sur"],"_links":{"self":[{"href":"https:\/\/www.rachida-dati.eu\/actualites\/wp-json\/wp\/v2\/posts\/903","targetHints":{"allow":["GET"]}}],"collection":[{"href":"https:\/\/www.rachida-dati.eu\/actualites\/wp-json\/wp\/v2\/posts"}],"about":[{"href":"https:\/\/www.rachida-dati.eu\/actualites\/wp-json\/wp\/v2\/types\/post"}],"author":[{"embeddable":true,"href":"https:\/\/www.rachida-dati.eu\/actualites\/wp-json\/wp\/v2\/users\/1"}],"replies":[{"embeddable":true,"href":"https:\/\/www.rachida-dati.eu\/actualites\/wp-json\/wp\/v2\/comments?post=903"}],"version-history":[{"count":1,"href":"https:\/\/www.rachida-dati.eu\/actualites\/wp-json\/wp\/v2\/posts\/903\/revisions"}],"predecessor-version":[{"id":905,"href":"https:\/\/www.rachida-dati.eu\/actualites\/wp-json\/wp\/v2\/posts\/903\/revisions\/905"}],"wp:featuredmedia":[{"embeddable":true,"href":"https:\/\/www.rachida-dati.eu\/actualites\/wp-json\/wp\/v2\/media\/904"}],"wp:attachment":[{"href":"https:\/\/www.rachida-dati.eu\/actualites\/wp-json\/wp\/v2\/media?parent=903"}],"wp:term":[{"taxonomy":"category","embeddable":true,"href":"https:\/\/www.rachida-dati.eu\/actualites\/wp-json\/wp\/v2\/categories?post=903"},{"taxonomy":"post_tag","embeddable":true,"href":"https:\/\/www.rachida-dati.eu\/actualites\/wp-json\/wp\/v2\/tags?post=903"}],"curies":[{"name":"wp","href":"https:\/\/api.w.org\/{rel}","templated":true}]}}