{"id":906,"date":"2026-01-17T01:43:44","date_gmt":"2026-01-17T00:43:44","guid":{"rendered":"https:\/\/www.rachida-dati.eu\/actualites\/la-france-devoile-sa-nouvelle-strategie-contre-la-desinformation-sanitaire\/"},"modified":"2026-01-17T01:43:45","modified_gmt":"2026-01-17T00:43:45","slug":"la-france-devoile-sa-nouvelle-strategie-contre-la-desinformation-sanitaire","status":"publish","type":"post","link":"https:\/\/www.rachida-dati.eu\/actualites\/la-france-devoile-sa-nouvelle-strategie-contre-la-desinformation-sanitaire\/","title":{"rendered":"La France d\u00e9voile sa nouvelle strat\u00e9gie contre la d\u00e9sinformation sanitaire"},"content":{"rendered":"<div data-element-guid=\"7f7332a5-aca0-4fee-9990-ec700b171346\">\n<h2 class=\"subtitle \" style=\"\">Campagnes en ligne et nouveaux chiens de garde au c\u0153ur de la strat\u00e9gie, mais des \u00ab scores \u00bb pour l\u2019information et des sanctions \u00e9cart\u00e9s pour l\u2019instant<\/h2>\n<\/p>\n<\/div>\n<div data-element-guid=\"bee21faf-9528-4cc1-f7b1-aea4866e2185\">\n<p><!-- placeholder(#1) --><\/p>\n<p>Le minist\u00e8re fran\u00e7ais de la Sant\u00e9 a d\u00e9voil\u00e9 un plan visant \u00e0 lutter contre la d\u00e9sinformation en mati\u00e8re de sant\u00e9, qu&rsquo;il d\u00e9crit comme \u00ab l&rsquo;un des vecteurs d&rsquo;attaque contre la d\u00e9mocratie \u00bb qui menace le pays.<\/p>\n<p>Le plan, qui comprend plusieurs volets, a \u00e9t\u00e9 annonc\u00e9 par la ministre de la Sant\u00e9, St\u00e9phanie Rist, \u00e0 la suite de la remise d&rsquo;un important rapport sur l&rsquo;information et la d\u00e9sinformation en mati\u00e8re de sant\u00e9 en France.<\/p>\n<p>\u00ab Lorsque de fausses informations circulent plus vite que la science, ce sont les plus vuln\u00e9rables qui paient le prix le plus lourd. Et face \u00e0 cela, l&rsquo;\u00c9tat ne peut rester silencieux ni se contenter de r\u00e9agir \u00e0 chaque incident \u00bb, a-t-elle d\u00e9clar\u00e9 lors d&rsquo;une conf\u00e9rence de presse sur la nouvelle campagne.<\/p>\n<p>La strat\u00e9gie s&rsquo;appuiera sur les plans initiaux pr\u00e9sent\u00e9s par l&rsquo;ancien ministre de la Sant\u00e9, Yannick Neuder.<\/p>\n<p>La d\u00e9sinformation sanitaire est devenue un probl\u00e8me croissant en France, particuli\u00e8rement depuis la pand\u00e9mie de Covid-19. Les vaccins contre la maladie ont \u00e9t\u00e9 particuli\u00e8rement vis\u00e9s.<\/p>\n<h2>Strat\u00e9gie en quatre volets<\/h2>\n<p>Le minist\u00e8re utilisera un plan en quatre volets pour cibler la d\u00e9sinformation.<\/p>\n<p>Le premier \u00e9l\u00e9ment consistera en la mise en place d&rsquo;un barom\u00e8tre public mesurant les croyances nationales sur la d\u00e9sinformation en mati\u00e8re de sant\u00e9, disponible \u00e0 partir d&rsquo;avril 2026 et qui compilera des donn\u00e9es issues de plusieurs sondages d&rsquo;opinion.<\/p>\n<p>De plus, un comit\u00e9 de citoyens sur la d\u00e9sinformation sera form\u00e9 le mois prochain pour \u00e9valuer la question.<\/p>\n<p>La deuxi\u00e8me mesure consistera \u00e0 mettre en place un \u00ab Observatoire de la D\u00e9sinformation en Sant\u00e9 \u00bb, dont le but sera de \u00ab partager des informations avec les partenaires du minist\u00e8re, les m\u00e9dias, les soci\u00e9t\u00e9s savantes, les ordres professionnels et les professionnels de sant\u00e9 \u00bb, concernant la d\u00e9sinformation en mati\u00e8re de sant\u00e9.<\/p>\n<p>Sa structure finale reste \u00e0 confirmer et \u00ab sa gouvernance et les m\u00e9canismes garantissant son ind\u00e9pendance sont en cours d&rsquo;examen \u00bb, a d\u00e9clar\u00e9 le minist\u00e8re.<\/p>\n<p>La troisi\u00e8me mesure consiste en l&rsquo;annonce d&rsquo;un nouveau syst\u00e8me de surveillance de l&rsquo;information qui d\u00e9tectera la d\u00e9sinformation qui se propage en ligne, puis planifiera rapidement et publiera des contre-mesures et des informations correctives.<\/p>\n<p>Le syst\u00e8me \u00ab mobilisera une communaut\u00e9 d&rsquo;alli\u00e9s (agences r\u00e9gionales de sant\u00e9, autorit\u00e9s de supervision, instituts de recherche, un r\u00e9seau d&rsquo;experts, journalistes et influenceurs) \u00bb pour fournir des r\u00e9ponses.<\/p>\n<p>Celles-ci seront ensuite diffus\u00e9es principalement via des sites de r\u00e9seaux sociaux tels qu\u2019Instagram et TikTok, o\u00f9 la d\u00e9sinformation peut se propager facilement.<\/p>\n<p>L&rsquo;observatoire et le syst\u00e8me devraient \u00eatre tous deux plac\u00e9s sous le contr\u00f4le du minist\u00e8re, m\u00eame si certains demandent qu&rsquo;ils soient g\u00e9r\u00e9s par un organisme ind\u00e9pendant afin de garantir qu&rsquo;ils ne deviennent pas un outil partisan du gouvernement.<\/p>\n<p>Quoi qu&rsquo;il en soit de la composition finale de l&rsquo;observatoire, \u00ab il disposera d&rsquo;un comit\u00e9 de supervision qui rendra compte au Parlement chaque ann\u00e9e \u00bb, a d\u00e9clar\u00e9 Mme Rist.<\/p>\n<p>Une quatri\u00e8me et derni\u00e8re mesure mettra l&rsquo;accent sur la lutte contre la d\u00e9sinformation sanitaire \u00e0 travers la France, en am\u00e9liorant l&rsquo;\u00e9ducation et la confiance dans le syst\u00e8me de soins \u00ab de la cr\u00e8che jusqu&rsquo;aux maisons de retraite \u00bb.<\/p>\n<p>Cela visera \u00e0 int\u00e9grer les tactiques de d\u00e9sinformation sanitaire dans les programmes \u00e9ducatifs, notamment dans les cours de recherche de haut niveau.<\/p>\n<p>L&rsquo;annonce n&rsquo;a pas pr\u00e9cis\u00e9 le co\u00fbt du dispositif.<\/p>\n<h2>Extensions suppl\u00e9mentaires possibles<\/h2>\n<p>Certains experts ont \u00e9voqu\u00e9 l&rsquo;id\u00e9e d\u2019un \u00ab Info-Score \u00bb destin\u00e9 \u00e0 \u00e9valuer les affirmations sur la sant\u00e9, semblable au label \u00ab Nutri-Score \u00bb utilis\u00e9 pour les aliments.<\/p>\n<p>Cette \u00e9valuation serait bas\u00e9e sur les sources utilis\u00e9es, leur validation scientifique et l&rsquo;\u00e9ventuel conflit d&rsquo;int\u00e9r\u00eats entre la personne qui diffuse l&rsquo;information et sa vie personnelle ou professionnelle (par exemple, un lobbyiste du secteur laitier faisant la promotion des bienfaits du lait, etc.).<\/p>\n<p>Cependant, le gouvernement \u00ab n&rsquo;est pas pr\u00eat \u00e0 attribuer une note \u00e0 l&rsquo;information \u00bb, a d\u00e9clar\u00e9 Mme Rist.<\/p>\n<p>Des extensions ult\u00e9rieures de la campagne pourraient inclure une protection accrue pour les experts qui luttent contre la d\u00e9sinformation en ligne, ainsi que des sanctions pour ceux qui se sont rendus coupables de diffusion de d\u00e9sinformation.<\/p>\n<\/div>\n","protected":false},"excerpt":{"rendered":"<p>Campagnes en ligne et nouveaux chiens de garde au c\u0153ur de la strat\u00e9gie, mais des \u00ab scores \u00bb pour l\u2019information et des sanctions \u00e9cart\u00e9s pour l\u2019instant Le minist\u00e8re fran\u00e7ais de la Sant\u00e9 a d\u00e9voil\u00e9 un plan visant \u00e0 lutter contre la d\u00e9sinformation en mati\u00e8re de sant\u00e9, qu&rsquo;il d\u00e9crit comme \u00ab l&rsquo;un des vecteurs d&rsquo;attaque contre [&hellip;]<\/p>\n","protected":false},"author":1,"featured_media":907,"comment_status":"open","ping_status":"open","sticky":false,"template":"","format":"standard","meta":{"footnotes":""},"categories":[1],"tags":[179,1182,1180,37,203,1183,1181],"class_list":["post-906","post","type-post","status-publish","format-standard","has-post-thumbnail","hentry","category-non-classe","tag-contre","tag-desinformation","tag-devoile","tag-france","tag-nouvelle","tag-sanitaire","tag-strategie"],"_links":{"self":[{"href":"https:\/\/www.rachida-dati.eu\/actualites\/wp-json\/wp\/v2\/posts\/906","targetHints":{"allow":["GET"]}}],"collection":[{"href":"https:\/\/www.rachida-dati.eu\/actualites\/wp-json\/wp\/v2\/posts"}],"about":[{"href":"https:\/\/www.rachida-dati.eu\/actualites\/wp-json\/wp\/v2\/types\/post"}],"author":[{"embeddable":true,"href":"https:\/\/www.rachida-dati.eu\/actualites\/wp-json\/wp\/v2\/users\/1"}],"replies":[{"embeddable":true,"href":"https:\/\/www.rachida-dati.eu\/actualites\/wp-json\/wp\/v2\/comments?post=906"}],"version-history":[{"count":1,"href":"https:\/\/www.rachida-dati.eu\/actualites\/wp-json\/wp\/v2\/posts\/906\/revisions"}],"predecessor-version":[{"id":908,"href":"https:\/\/www.rachida-dati.eu\/actualites\/wp-json\/wp\/v2\/posts\/906\/revisions\/908"}],"wp:featuredmedia":[{"embeddable":true,"href":"https:\/\/www.rachida-dati.eu\/actualites\/wp-json\/wp\/v2\/media\/907"}],"wp:attachment":[{"href":"https:\/\/www.rachida-dati.eu\/actualites\/wp-json\/wp\/v2\/media?parent=906"}],"wp:term":[{"taxonomy":"category","embeddable":true,"href":"https:\/\/www.rachida-dati.eu\/actualites\/wp-json\/wp\/v2\/categories?post=906"},{"taxonomy":"post_tag","embeddable":true,"href":"https:\/\/www.rachida-dati.eu\/actualites\/wp-json\/wp\/v2\/tags?post=906"}],"curies":[{"name":"wp","href":"https:\/\/api.w.org\/{rel}","templated":true}]}}