{"id":909,"date":"2026-01-17T07:42:13","date_gmt":"2026-01-17T06:42:13","guid":{"rendered":"https:\/\/www.rachida-dati.eu\/actualites\/affluence-record-des-passagers-a-laeroport-nice-cote-dazur-en-2025\/"},"modified":"2026-01-17T07:42:13","modified_gmt":"2026-01-17T06:42:13","slug":"affluence-record-des-passagers-a-laeroport-nice-cote-dazur-en-2025","status":"publish","type":"post","link":"https:\/\/www.rachida-dati.eu\/actualites\/affluence-record-des-passagers-a-laeroport-nice-cote-dazur-en-2025\/","title":{"rendered":"Affluence record des passagers \u00e0 l&rsquo;a\u00e9roport Nice-C\u00f4te d&rsquo;Azur en 2025"},"content":{"rendered":"<div data-element-guid=\"7f7332a5-aca0-4fee-9990-ec700b171346\">\n<h2 class=\"subtitle \" style=\"\">Les touristes internationaux \u00e0 destination de la C\u00f4te d\u2019Azur fran\u00e7aise repr\u00e9sentaient plus de 50 % de l\u2019ensemble des visiteurs en 2025<\/h2>\n<\/p>\n<\/div>\n<div data-element-guid=\"f0ce06cd-fe62-4ba5-8280-86b545b15e98\">\n<p><!-- placeholder(#1) --><\/p>\n<p>L&rsquo;a\u00e9roport Nice-C\u00f4te d\u2019Azur a enregistr\u00e9 un nombre record de 15,2 millions de passagers en 2025, alors que la C\u00f4te d\u2019Azur a connu une nouvelle ann\u00e9e fastueuse pour l\u2019activit\u00e9 touristique.<\/p>\n<p>Alors que le nombre de passagers domestiques a diminu\u00e9 de 11 %, les vols internationaux \u2013 d\u00e9j\u00e0 en volume important \u2013 ont enregistr\u00e9 une hausse de 11 %, ce qui a conduit \u00e0 une augmentation globale des voyageurs d\u2019un peu plus de 3 %.<\/p>\n<p>L\u2019a\u00e9roport a \u00e9galement vu le nombre de vols augmenter, atteignant 163 000.<\/p>\n<p>Malgr\u00e9 une l\u00e9g\u00e8re baisse de 0,3 % des vols domestiques, une hausse de 4,7 % des liaisons internationales indique que Nice devient une destination prioritaire accrue pour les vols internationaux.<\/p>\n<p>Cela comprenait de nouvelles liaisons long-courrier vers Washington (\u00c9tats\u2011Unis) et Dakar (S\u00e9n\u00e9gal).<\/p>\n<p>L\u2019a\u00e9roport propose \u00e9galement des liaisons vers New York, Philadelphie, Atlanta, Boston et Montr\u00e9al en Am\u00e9rique du Nord.<\/p>\n<p>L\u2019a\u00e9roport a r\u00e9cemment re\u00e7u le feu vert final pour achever les extensions du Terminal 2, ce qui entra\u00eenera une nouvelle augmentation de la capacit\u00e9 d\u2019accueil des voyageurs. <span data-lab-font_weight=\"font-weight-bold\" class=\"font-weight-bold m-font-weight-bold\">Les travaux devraient \u00eatre achev\u00e9s d\u2019ici la fin de 2026<\/span>. <\/p>\n<p>L\u2019a\u00e9roport pr\u00e9voit alors une capacit\u00e9 d\u00e9passant les 18 millions de passagers, nettement au-del\u00e0 du chiffre de 14,8 millions enregistr\u00e9 en 2024.<\/p>\n<h2>Nouvelle croissance dans l\u2019industrie du tourisme<\/h2>\n<p>Les chiffres proviennent du rapport 2025 de l\u2019observatoire du tourisme de la r\u00e9gion, qui couvre essentiellement le d\u00e9partement des Alpes-Maritimes et Monaco.<\/p>\n<p>La r\u00e9gion a enregistr\u00e9 13 millions de personnes s\u00e9journant sur place \u2013 le chiffre le plus \u00e9lev\u00e9 depuis plus d\u2019une d\u00e9cennie \u2013 avec une dur\u00e9e moyenne de s\u00e9jour de 2,5 nuits dans la r\u00e9gion.<\/p>\n<p>Les touristes internationaux repr\u00e9sentaient pour la premi\u00e8re fois plus de 50 % du nombre total de visiteurs.<\/p>\n<p>Les \u00c9tats\u2011Unis sont rest\u00e9s le plus grand march\u00e9 international, repr\u00e9sentant environ 15 % de l\u2019ensemble des touristes internationaux en s\u00e9jour nocturne. Les march\u00e9s suivants les plus importants \u00e9taient le Royaume-Uni, l\u2019Italie, l\u2019Allemagne et les pays scandinaves.<\/p>\n<p>Les voyageurs en provenance d\u2019autres destinations ont connu une forte croissance, notamment la Turquie (augmentation de 50 %), le Japon (35 %), la Chine (30 %) et le Moyen-Orient (21 %).<\/p>\n<p>Le nombre de touristes internationaux arrivant par avion a augment\u00e9 de 5 % depuis 2019 (r\u00e9f\u00e9rence des chiffres pr\u00e9-Covid).<\/p>\n<p>La croissance du trafic a\u00e9rien provient \u00e9galement principalement des touristes. Seulement environ 11 % des personnes ont cit\u00e9 le \u00ab business \u00bb comme raison principale de leur voyage vers l\u2019a\u00e9roport, une part qui repr\u00e9sentait autrefois environ 30 % des voyages dans la r\u00e9gion.<\/p>\n<p>Cela a \u00e0 son tour stimul\u00e9 la croissance \u00e9conomique du secteur h\u00f4telier. La capacit\u00e9 h\u00f4teli\u00e8re annuelle a atteint 66 % l\u2019an dernier, les s\u00e9jours d\u2019une nuit ayant augment\u00e9 de 3 %, approchant des niveaux records observ\u00e9s en 2000, et le chiffre d\u2019affaires par chambre et par nuit a progress\u00e9 de 7 % dans l\u2019ensemble des h\u00f4tels.<\/p>\n<p>La capacit\u00e9 h\u00f4teli\u00e8re a augment\u00e9 de 3 %, le secteur cherchant \u00e0 assurer la disponibilit\u00e9 pour les clients notamment durant la saison estivale charg\u00e9e o\u00f9 le taux d\u2019occupation a atteint environ 85 %.<\/p>\n<p>Le nombre de chambres r\u00e9serv\u00e9es sur des sites de courts s\u00e9jours tels qu\u2019Airbnb a \u00e9galement augment\u00e9 d\u2019environ 6 %, atteignant un taux d\u2019utilisation annuel sup\u00e9rieur \u00e0 60 %.<\/p>\n<p>L\u2019a\u00e9roport a \u00e9galement enregistr\u00e9 une croissance des voyages tout au long de l\u2019ann\u00e9e, consolidant la Riviera comme destination non seulement estivale. Les voyages d\u2019hiver vers les stations de montagne sont particuli\u00e8rement cit\u00e9s comme facteur de croissance hors saison.<\/p>\n<p>La r\u00e9gion continue d\u2019attirer \u00e0 la fois les touristes <span data-lab-font_weight=\"font-weight-bold\" class=\"font-weight-bold m-font-weight-bold\">et de nouveaux r\u00e9sidents, en particulier des Am\u00e9ricains<\/span>.<\/p>\n<\/div>\n","protected":false},"excerpt":{"rendered":"<p>Les touristes internationaux \u00e0 destination de la C\u00f4te d\u2019Azur fran\u00e7aise repr\u00e9sentaient plus de 50 % de l\u2019ensemble des visiteurs en 2025 L&rsquo;a\u00e9roport Nice-C\u00f4te d\u2019Azur a enregistr\u00e9 un nombre record de 15,2 millions de passagers en 2025, alors que la C\u00f4te d\u2019Azur a connu une nouvelle ann\u00e9e fastueuse pour l\u2019activit\u00e9 touristique. Alors que le nombre de [&hellip;]<\/p>\n","protected":false},"author":1,"featured_media":910,"comment_status":"open","ping_status":"open","sticky":false,"template":"","format":"standard","meta":{"footnotes":""},"categories":[1],"tags":[1184,1186,42,478,1185,489,6],"class_list":["post-909","post","type-post","status-publish","format-standard","has-post-thumbnail","hentry","category-non-classe","tag-affluence","tag-dazur","tag-des","tag-laeroport","tag-nicecote","tag-passagers","tag-record"],"_links":{"self":[{"href":"https:\/\/www.rachida-dati.eu\/actualites\/wp-json\/wp\/v2\/posts\/909","targetHints":{"allow":["GET"]}}],"collection":[{"href":"https:\/\/www.rachida-dati.eu\/actualites\/wp-json\/wp\/v2\/posts"}],"about":[{"href":"https:\/\/www.rachida-dati.eu\/actualites\/wp-json\/wp\/v2\/types\/post"}],"author":[{"embeddable":true,"href":"https:\/\/www.rachida-dati.eu\/actualites\/wp-json\/wp\/v2\/users\/1"}],"replies":[{"embeddable":true,"href":"https:\/\/www.rachida-dati.eu\/actualites\/wp-json\/wp\/v2\/comments?post=909"}],"version-history":[{"count":1,"href":"https:\/\/www.rachida-dati.eu\/actualites\/wp-json\/wp\/v2\/posts\/909\/revisions"}],"predecessor-version":[{"id":911,"href":"https:\/\/www.rachida-dati.eu\/actualites\/wp-json\/wp\/v2\/posts\/909\/revisions\/911"}],"wp:featuredmedia":[{"embeddable":true,"href":"https:\/\/www.rachida-dati.eu\/actualites\/wp-json\/wp\/v2\/media\/910"}],"wp:attachment":[{"href":"https:\/\/www.rachida-dati.eu\/actualites\/wp-json\/wp\/v2\/media?parent=909"}],"wp:term":[{"taxonomy":"category","embeddable":true,"href":"https:\/\/www.rachida-dati.eu\/actualites\/wp-json\/wp\/v2\/categories?post=909"},{"taxonomy":"post_tag","embeddable":true,"href":"https:\/\/www.rachida-dati.eu\/actualites\/wp-json\/wp\/v2\/tags?post=909"}],"curies":[{"name":"wp","href":"https:\/\/api.w.org\/{rel}","templated":true}]}}