{"id":966,"date":"2026-01-21T16:55:52","date_gmt":"2026-01-21T15:55:52","guid":{"rendered":"https:\/\/www.rachida-dati.eu\/actualites\/faut-il-rendre-les-casques-de-ski-obligatoires-en-france-comme-en-italie\/"},"modified":"2026-01-21T16:55:53","modified_gmt":"2026-01-21T15:55:53","slug":"faut-il-rendre-les-casques-de-ski-obligatoires-en-france-comme-en-italie","status":"publish","type":"post","link":"https:\/\/www.rachida-dati.eu\/actualites\/faut-il-rendre-les-casques-de-ski-obligatoires-en-france-comme-en-italie\/","title":{"rendered":"Faut-il rendre les casques de ski obligatoires en France comme en Italie ?"},"content":{"rendered":"<div data-element-guid=\"7f7332a5-aca0-4fee-9990-ec700b171346\">\n<h2 class=\"subtitle \" style=\"\">Les services de secours en montagne signalent une augmentation des interventions au cours des derni\u00e8res saisons, attribuant les accidents \u00e0 un ski plus rapide, des pistes surpeupl\u00e9es et des comportements \u00e0 risque<\/h2>\n<\/p>\n<\/div>\n<div data-element-guid=\"106ceded-a803-4393-8a76-c7d5369ebaf8\">\n<p><!-- placeholder(#1) --><\/p>\n<p>Des repr\u00e9sentants de l&rsquo;industrie du ski en France se sont largement f\u00e9licit\u00e9s d&rsquo;une nouvelle loi italienne rendant les casques obligatoires pour les sports d&rsquo;hiver, mais ils insistent sur le fait que la France poss\u00e8de d\u00e9j\u00e0 une forte culture de s\u00e9curit\u00e9 sur les pistes. <\/p>\n<p>L&rsquo;Italie est devenue le premier pays d&rsquo;Europe \u00e0 instaurer ce texte pour tous les skieurs, snowboardeurs et luges sur les pistes balis\u00e9es.\u00a0<\/p>\n<p>La nouvelle loi entre en vigueur cet hiver et exige que les casques respectent les normes de s\u00e9curit\u00e9 CE\/UE.<\/p>\n<p>Le non-respect peut entra\u00eener des amendes ou une suspension temporaire des forfaits de ski.\u00a0<\/p>\n<p>Les responsables des stations italiennes notent que jusqu&rsquo;\u00e0 95 % des participants portent d\u00e9j\u00e0 un casque, mais la l\u00e9gislation vise \u00e0 renforcer davantage la s\u00e9curit\u00e9 face \u00e0 l&rsquo;augmentation du nombre d&rsquo;accidents et aux pr\u00e9occupations concernant les comportements imprudents sur les pistes.<\/p>\n<p>En France, il n&rsquo;existe pas d&rsquo;obligation nationale pour les adultes de porter un casque, bien que les \u00e9coles de ski l&rsquo;exigent g\u00e9n\u00e9ralement pour les enfants.\u00a0<\/p>\n<p>Les taux d&rsquo;utilisation sont d\u00e9j\u00e0 \u00e9lev\u00e9s, et <span data-lab-font_weight=\"font-weight-bold\" class=\"font-weight-bold m-font-weight-bold\">les services de secours en montagne signalent une augmentation des interventions au cours des derni\u00e8res saisons<\/span>, attribuant les accidents \u00e0 un ski plus rapide, des pistes bond\u00e9es et des comportements risqu\u00e9s.<\/p>\n<figure data-element-guid=\"f7bfa012-1f7f-4b29-9346-4015012934a8\" class=\"column desktop-floatLeft mobile-floatLeft small-12 large-8 small-abs-12 large-abs-8\">\n<div class=\"content \" style=\"\">\n<div class=\"img fullwidthTarget\">\n            <picture><source  width=\"706\" height=\"290\" media=\"(min-width: 768px)\" type=\"image\/webp\"><source  width=\"706\" height=\"290\" media=\"(min-width: 768px)\" type=\"image\/jpeg\"><source  width=\"480\" height=\"197\" media=\"(max-width: 767px)\" type=\"image\/webp\"><source  width=\"480\" height=\"197\" media=\"(max-width: 767px)\" type=\"image\/jpeg\"><\/source><\/source><\/source><\/source><\/picture>\n                    <\/div>\n<\/p><\/div>\n<\/figure>\n<p>Domaines Skiables de France (DSF), l&rsquo;association professionnelle des op\u00e9rateurs de domaines skiables et des soci\u00e9t\u00e9s de transport par c\u00e2ble, a largement accueilli favorablement la d\u00e9cision italienne tout en apportant une perspective sur la situation fran\u00e7aise.<\/p>\n<p>\u00ab DSF soutient toute mesure qui renforce la s\u00e9curit\u00e9 des pratiquants sur les pentes de ski. Avec des taux d&rsquo;\u00e9quipement d\u00e9sormais sup\u00e9rieurs \u00e0 90 %, l&rsquo;utilisation du casque est pleinement int\u00e9gr\u00e9e par les skieurs sur les pistes fran\u00e7aises, refl\u00e9tant l&rsquo;\u00e9volution des comportements et une culture commune de la s\u00e9curit\u00e9 \u00bb, a d\u00e9clar\u00e9 Marie Lourdel, responsable des relations m\u00e9dias chez France-Montagnes, au nom de la DSF.<\/p>\n<p>Concernant la question de savoir si la France devrait embo\u00eeter le pas, Mme Lourdel a d\u00e9clar\u00e9 que, bien que la loi italienne ne modifie pas fondamentalement les taux d&rsquo;accidents, \u00ab elle envoie un signal fort \u00bb.\u00a0<\/p>\n<p>Elle a expliqu\u00e9 : \u00ab Plus qu&rsquo;un simple \u00e9quipement, le casque incarne un engagement collectif en faveur de la pr\u00e9vention et de la protection de tous. \u00bb\u00a0<\/p>\n<p>Cependant, Mme Lourdel a mis en \u00e9vidence l&rsquo;approche plus large adopt\u00e9e en France : \u00ab La pr\u00e9vention des accidents repose principalement sur des efforts soutenus de la part des acteurs des domaines skiables : information continue des participants, campagnes de sensibilisation, signalisation rigoureuse des pistes, gestion des flux de skieurs et formation professionnelle.\u00a0<\/p>\n<p>\u00ab Les patrouilles de ski sont au c\u0153ur de cette approche : pr\u00e9sentes quotidiennement sur les pistes, elles interviennent, informent et d\u00e9livrent des conseils \u00e9ducatifs essentiels. \u00bb<\/p>\n<p>Le Syst\u00e8me National d\u2019Observation de la S\u00e9curit\u00e9 en Montagne (SNOSM), l\u2019observatoire national de la s\u00e9curit\u00e9 en montagne et sur les pistes en France, affirme que ses donn\u00e9es confirment que le port du casque est devenu r\u00e9pandu.\u00a0<\/p>\n<p>\u00ab Dans nos campagnes de pr\u00e9vention, nous privil\u00e9gions de nous concentrer sur le comportement de certains skieurs, notamment la gestion de la vitesse et le respect des autres sur les pistes \u00bb, a d\u00e9clar\u00e9 un porte-parole.<\/p>\n<p><span data-lab-font_weight=\"font-weight-bold\" class=\"font-weight-bold m-font-weight-bold\">Alors que la nouvelle loi italienne pourrait accro\u00eetre la pression en faveur de mesures similaires en France<\/span>, la combinaison d&rsquo;une adoption volontaire, d&rsquo;une \u00e9ducation et d&rsquo;une surveillance active semble d\u00e9j\u00e0 avoir normalis\u00e9 le port du casque.\u00a0<\/p>\n<p>Pour le moment, les stations fran\u00e7aises continuent d&rsquo;encourager le port du casque par le biais de campagnes de sensibilisation et de l&rsquo;orientation des moniteurs, l&rsquo;int\u00e9grant dans le cadre d&rsquo;une approche globale visant \u00e0 prot\u00e9ger autant les skieurs que les snowboardeurs.<\/p>\n<p>\u00ab Les skieurs fran\u00e7ais prennent leur s\u00e9curit\u00e9 en main \u00bb, a d\u00e9clar\u00e9 le porte-parole du SNOSM.<\/p>\n<\/div>\n","protected":false},"excerpt":{"rendered":"<p>Les services de secours en montagne signalent une augmentation des interventions au cours des derni\u00e8res saisons, attribuant les accidents \u00e0 un ski plus rapide, des pistes surpeupl\u00e9es et des comportements \u00e0 risque Des repr\u00e9sentants de l&rsquo;industrie du ski en France se sont largement f\u00e9licit\u00e9s d&rsquo;une nouvelle loi italienne rendant les casques obligatoires pour les sports [&hellip;]<\/p>\n","protected":false},"author":1,"featured_media":967,"comment_status":"open","ping_status":"open","sticky":false,"template":"","format":"standard","meta":{"footnotes":""},"categories":[1],"tags":[1243,526,456,37,501,35,1244,1242,18],"class_list":["post-966","post","type-post","status-publish","format-standard","has-post-thumbnail","hentry","category-non-classe","tag-casques","tag-comme","tag-fautil","tag-france","tag-italie","tag-les","tag-obligatoires","tag-rendre","tag-ski"],"_links":{"self":[{"href":"https:\/\/www.rachida-dati.eu\/actualites\/wp-json\/wp\/v2\/posts\/966","targetHints":{"allow":["GET"]}}],"collection":[{"href":"https:\/\/www.rachida-dati.eu\/actualites\/wp-json\/wp\/v2\/posts"}],"about":[{"href":"https:\/\/www.rachida-dati.eu\/actualites\/wp-json\/wp\/v2\/types\/post"}],"author":[{"embeddable":true,"href":"https:\/\/www.rachida-dati.eu\/actualites\/wp-json\/wp\/v2\/users\/1"}],"replies":[{"embeddable":true,"href":"https:\/\/www.rachida-dati.eu\/actualites\/wp-json\/wp\/v2\/comments?post=966"}],"version-history":[{"count":1,"href":"https:\/\/www.rachida-dati.eu\/actualites\/wp-json\/wp\/v2\/posts\/966\/revisions"}],"predecessor-version":[{"id":968,"href":"https:\/\/www.rachida-dati.eu\/actualites\/wp-json\/wp\/v2\/posts\/966\/revisions\/968"}],"wp:featuredmedia":[{"embeddable":true,"href":"https:\/\/www.rachida-dati.eu\/actualites\/wp-json\/wp\/v2\/media\/967"}],"wp:attachment":[{"href":"https:\/\/www.rachida-dati.eu\/actualites\/wp-json\/wp\/v2\/media?parent=966"}],"wp:term":[{"taxonomy":"category","embeddable":true,"href":"https:\/\/www.rachida-dati.eu\/actualites\/wp-json\/wp\/v2\/categories?post=966"},{"taxonomy":"post_tag","embeddable":true,"href":"https:\/\/www.rachida-dati.eu\/actualites\/wp-json\/wp\/v2\/tags?post=966"}],"curies":[{"name":"wp","href":"https:\/\/api.w.org\/{rel}","templated":true}]}}