{"id":969,"date":"2026-01-21T22:45:07","date_gmt":"2026-01-21T21:45:07","guid":{"rendered":"https:\/\/www.rachida-dati.eu\/actualites\/error-code-524\/"},"modified":"2026-01-21T22:45:07","modified_gmt":"2026-01-21T21:45:07","slug":"error-code-524","status":"publish","type":"post","link":"https:\/\/www.rachida-dati.eu\/actualites\/error-code-524\/","title":{"rendered":"error code: 524"},"content":{"rendered":"<div data-element-guid=\"7f7332a5-aca0-4fee-9990-ec700b171346\">\n<h2 class=\"subtitle \" style=\"\">Des changements incluent l\u2019interdiction des microplastiques, l\u2019avenir des zones \u00e0 faibles \u00e9missions (ZFE) pour les conducteurs et de nouveaux parcs \u00e9oliens en mer<\/h2>\n<\/p>\n<\/div>\n<div data-element-guid=\"5ff76960-6c3a-4145-f4f0-0940568c4018\">\n<p><!-- placeholder(#1) --><\/p>\n<h3>Zones \u00e0 faibles \u00e9missions (ZFE)<\/h3>\n<p>Une d\u00e9cision sur l\u2019abolition possible des zones ZFE \u00e0 faibles \u00e9missions pourrait \u00eatre prise au d\u00e9but de l\u2019ann\u00e9e, lorsque des d\u00e9put\u00e9s et des s\u00e9nateurs au sein d\u2019un comit\u00e9 mixte examineront un projet de loi sur la \u00ab simplification de la vie \u00e9conomique \u00bb. <\/p>\n<p>Si le texte final comprend cette mesure, elle pourrait encore \u00eatre censur\u00e9e par le Conseil constitutionnel. Si adopt\u00e9e, elle mettra fin au d\u00e9ploiement de ces zones \u2013 qui \u00e9taient pr\u00e9vues dans toutes les zones urbaines de 150 000 habitants ou plus \u2013 et celles qui existent d\u00e9j\u00e0 (25 \u00e0 ce jour) seront abolies. Certaines villes pourraient toutefois mettre en place d\u2019autres mesures similaires au niveau local.<\/p>\n<figure data-element-guid=\"269baf76-cfe5-4f71-b1fa-c20b9e1d61eb\" class=\"column desktop-floatLeft mobile-floatLeft small-12 large-4 small-abs-12 large-abs-4\">\n<div class=\"content \" style=\"\">\n<div class=\"img fullwidthTarget\">\n            <picture><source  width=\"353\" height=\"272\" media=\"(min-width: 768px)\" type=\"image\/webp\"><source  width=\"353\" height=\"272\" media=\"(min-width: 768px)\" type=\"image\/jpeg\"><source  width=\"480\" height=\"370\" media=\"(max-width: 767px)\" type=\"image\/webp\"><source  width=\"480\" height=\"370\" media=\"(max-width: 767px)\" type=\"image\/jpeg\"><\/picture>\n                    <\/div>\n<\/p><\/div>\n<\/figure>\n<p><span data-lab-font_weight=\"font-weight-bold\" class=\"font-weight-bold m-font-weight-bold\">Des voitures circulant dans ces zones ne seraient plus soumises aux r\u00e8gles des ZFE<\/span>, qui restreignent l\u2019acc\u00e8s pour les v\u00e9hicules plus anciens et plus polluants, notamment les voitures Crit\u2019Air 4 et 5, immatricul\u00e9es avant 2006, ainsi que les anciennes camionnettes et camions et les v\u00e9hicules trop vieux pour obtenir une note Crit\u2019Air.<\/p>\n<h3>\u00c9nergie domestique<\/h3>\n<p>La mani\u00e8re dont les diagnostics de performance \u00e9nerg\u00e9tique (DPE) des logements seront calcul\u00e9s va changer afin que les logements chauff\u00e9s \u00e0 l\u2019\u00e9lectricit\u00e9 ne soient plus p\u00e9nalis\u00e9s.<\/p>\n<p>L\u2019\u00e9lectricit\u00e9 est consid\u00e9r\u00e9e par le gouvernement comme une source d\u2019\u00e9nergie relativement propre et durable, car la majeure partie de l\u2019\u00e9lectricit\u00e9 produite en France ne provient pas de combustibles fossiles (contrairement au p\u00e9trole et au gaz, qui sont en grande partie import\u00e9s).<\/p>\n<p>Cette modification devrait faire monter les notes de nombreuses petites surfaces et maisons chauff\u00e9es \u00e0 l\u2019\u00e9lectricit\u00e9, all\u00e9ger les exigences de r\u00e9novation et potentiellement augmenter la valeur du bien immobilier.<\/p>\n<p>De plus, tous les immeubles constitu\u00e9s en copropri\u00e9t\u00e9s (par exemple des blocs d\u2019immeubles) doivent disposer d\u2019un DPE pour l\u2019immeuble dans son ensemble \u2013 et non seulement pour les logements individuels \u2013 depuis le 1er janvier.<\/p>\n<h3>Parcs \u00e9oliens<\/h3>\n<p>De nouveaux parcs \u00e9oliens en mer devraient \u00eatre inaugur\u00e9s \u00e0 15 km des c\u00f4tes de Dieppe et Le Tr\u00e9port (Seine-Maritime), et \u00e9galement \u00e0 Port-la-Nouvelle (Aude). Le dernier projet, nomm\u00e9 Eolmed, utilisera des turbines flottantes.<\/p>\n<h3>\u00c9cole du Climat de Paris<\/h3>\n<p>La prestigieuse grande \u00e9cole Sciences Po Paris lance la premi\u00e8re \u00e9cole europ\u00e9enne d\u00e9di\u00e9e \u00e0 des solutions durables pour les grands d\u00e9fis environnementaux : 100 \u00e9tudiants seront s\u00e9lectionn\u00e9s pour rejoindre l\u2019\u00c9cole du Climat de Paris pour l\u2019ann\u00e9e 2026-2027.<\/p>\n<p>\u00ab L\u2019\u00c9cole du Climat de Paris sera la premi\u00e8re \u00e9cole europ\u00e9enne \u00e0 proposer un dipl\u00f4me en sciences humaines et sociales d\u00e9di\u00e9 \u00e0 la transition \u00e9cologique \u00bb, a d\u00e9clar\u00e9 Sciences Po sur son site Internet, expliquant que son objectif est de \u00ab former la nouvelle g\u00e9n\u00e9ration de d\u00e9cideurs publics et priv\u00e9s capables de conduire la transformation environnementale de nos soci\u00e9t\u00e9s \u00bb. <\/p>\n<h3>Clauses climatiques<\/h3>\n<p>Une loi de 2021 sur le climat pr\u00e9voit que, au plus tard le 22 ao\u00fbt 2026, tous les contrats du secteur public pour des travaux et des services doivent inclure des clauses relatives aux impacts \u00e9cologiques et climatiques. Cela signifie que tout ce qui est command\u00e9 par l\u2019\u00c9tat ou les autorit\u00e9s locales doit prendre en compte la durabilit\u00e9 et la performance \u00e9nerg\u00e9tique.<\/p>\n<h3>Trait\u00e9 des Hautes Mers<\/h3>\n<p>Un nouveau Trait\u00e9 des Hautes Mers, auquel la France est signataire et que le pr\u00e9sident Emmanuel Macron a soutenu, entre en vigueur au d\u00e9but de 2026, visant \u00e0 mieux r\u00e9guler et g\u00e9rer les eaux internationales, qui repr\u00e9sentent les deux tiers de l\u2019oc\u00e9an.\u00a0<\/p>\n<p>Il comprendra des \u00e9valuations d\u2019impact environnemental des activit\u00e9s humaines et \u00e9tablira un cadre pour la cr\u00e9ation de zones destin\u00e9es \u00e0 la protection de la biodiversit\u00e9.<\/p>\n<h3>Microplastiques<\/h3>\n<p>La France a instaur\u00e9 une interdiction des microplastiques dans les produits cosm\u00e9tiques rin\u00e7ables tels que les shampoings, gels douche et d\u00e9maquillants au 1er janvier.<\/p>\n<h3>Emballages<\/h3>\n<p>De nouvelles r\u00e8gles europ\u00e9ennes sur les emballages entreront en vigueur en ao\u00fbt, pr\u00e9voyant que les produits vendus doivent \u00e9liminer les emballages inutiles. Progressivement, elles devront \u00e9galement veiller \u00e0 ce que les emballages soient recyclables, et que, si du plastique est utilis\u00e9, une proportion en ait \u00e9t\u00e9 recycl\u00e9e.\u00a0<\/p>\n<p>De nouvelles r\u00e8gles entrent \u00e9galement en vigueur \u00e0 partir du mois de janvier concernant les emballages des produits utilis\u00e9s dans le secteur de la restauration et par d\u2019autres professionnels, par lesquelles les fournisseurs doivent prendre la responsabilit\u00e9 d\u2019organiser la collecte et le recyclage des emballages.<\/p>\n","protected":false},"excerpt":{"rendered":"<p>Des changements incluent l\u2019interdiction des microplastiques, l\u2019avenir des zones \u00e0 faibles \u00e9missions (ZFE) pour les conducteurs et de nouveaux parcs \u00e9oliens en mer Zones \u00e0 faibles \u00e9missions (ZFE) Une d\u00e9cision sur l\u2019abolition possible des zones ZFE \u00e0 faibles \u00e9missions pourrait \u00eatre prise au d\u00e9but de l\u2019ann\u00e9e, lorsque des d\u00e9put\u00e9s et des s\u00e9nateurs au sein d\u2019un [&hellip;]<\/p>\n","protected":false},"author":1,"featured_media":970,"comment_status":"open","ping_status":"open","sticky":false,"template":"","format":"standard","meta":{"footnotes":""},"categories":[1],"tags":[1041,1040],"class_list":["post-969","post","type-post","status-publish","format-standard","has-post-thumbnail","hentry","category-non-classe","tag-code","tag-error"],"_links":{"self":[{"href":"https:\/\/www.rachida-dati.eu\/actualites\/wp-json\/wp\/v2\/posts\/969","targetHints":{"allow":["GET"]}}],"collection":[{"href":"https:\/\/www.rachida-dati.eu\/actualites\/wp-json\/wp\/v2\/posts"}],"about":[{"href":"https:\/\/www.rachida-dati.eu\/actualites\/wp-json\/wp\/v2\/types\/post"}],"author":[{"embeddable":true,"href":"https:\/\/www.rachida-dati.eu\/actualites\/wp-json\/wp\/v2\/users\/1"}],"replies":[{"embeddable":true,"href":"https:\/\/www.rachida-dati.eu\/actualites\/wp-json\/wp\/v2\/comments?post=969"}],"version-history":[{"count":1,"href":"https:\/\/www.rachida-dati.eu\/actualites\/wp-json\/wp\/v2\/posts\/969\/revisions"}],"predecessor-version":[{"id":971,"href":"https:\/\/www.rachida-dati.eu\/actualites\/wp-json\/wp\/v2\/posts\/969\/revisions\/971"}],"wp:featuredmedia":[{"embeddable":true,"href":"https:\/\/www.rachida-dati.eu\/actualites\/wp-json\/wp\/v2\/media\/970"}],"wp:attachment":[{"href":"https:\/\/www.rachida-dati.eu\/actualites\/wp-json\/wp\/v2\/media?parent=969"}],"wp:term":[{"taxonomy":"category","embeddable":true,"href":"https:\/\/www.rachida-dati.eu\/actualites\/wp-json\/wp\/v2\/categories?post=969"},{"taxonomy":"post_tag","embeddable":true,"href":"https:\/\/www.rachida-dati.eu\/actualites\/wp-json\/wp\/v2\/tags?post=969"}],"curies":[{"name":"wp","href":"https:\/\/api.w.org\/{rel}","templated":true}]}}