{"id":975,"date":"2026-01-22T09:43:56","date_gmt":"2026-01-22T08:43:56","guid":{"rendered":"https:\/\/www.rachida-dati.eu\/actualites\/optimisez-vos-conges-en-france-pour-2026-grace-a-une-planification-strategique\/"},"modified":"2026-01-22T09:43:56","modified_gmt":"2026-01-22T08:43:56","slug":"optimisez-vos-conges-en-france-pour-2026-grace-a-une-planification-strategique","status":"publish","type":"post","link":"https:\/\/www.rachida-dati.eu\/actualites\/optimisez-vos-conges-en-france-pour-2026-grace-a-une-planification-strategique\/","title":{"rendered":"Optimisez vos cong\u00e9s en France pour 2026 gr\u00e2ce \u00e0 une planification strat\u00e9gique"},"content":{"rendered":"<div data-element-guid=\"7f7332a5-aca0-4fee-9990-ec700b171346\">\n<h2 class=\"subtitle \" style=\"\">Calendrier favorable pour les jours f\u00e9ri\u00e9s publics permet une prolongation des cong\u00e9s en mai, avec cinq longs week-ends garantis tout au long de l&rsquo;ann\u00e9e<\/h2>\n<\/p>\n<\/div>\n<div data-element-guid=\"67032ac9-7d74-4c9d-98d0-a2ede673feaa\">\n<p><!-- placeholder(#1) --><\/p>\n<p>Les travailleurs en France b\u00e9n\u00e9ficient de cinq longs week-ends cette ann\u00e9e et, avec la possibilit\u00e9 potentielle de trois \u00ab ponts \u00bb en prenant des cong\u00e9s pay\u00e9s entre les week-ends et les jours f\u00e9ri\u00e9s, l&rsquo;ann\u00e9e 2026 s&rsquo;annonce comme une ann\u00e9e prolifique pour les projets de cong\u00e9s.<\/p>\n<p>Avec trois jours f\u00e9ri\u00e9s tombant un vendredi et deux autres un lundi, les travailleurs sont garantis par d\u00e9faut de ces longs week-ends.<\/p>\n<p>De plus, trois autres jours f\u00e9ri\u00e9s tombent soit un mardi soit un jeudi, et l\u2019un tombe un mercredi. \u00c0 noter toutefois que l\u2019un de ces jours \u00e9tait le 1er janvier, qui est d\u00e9j\u00e0 pass\u00e9.<\/p>\n<p>Les salari\u00e9s peuvent demander des cong\u00e9s entre le week-end et le jour f\u00e9ri\u00e9 afin de profiter d\u2019un week-end de quatre ou cinq jours en ne prenant qu\u2019un seul ou deux jours de cong\u00e9s pay\u00e9s, ce que l\u2019on appelle en France \u00ab faire le pont \u00bb ou \u00ab making the bridge \u00bb.<\/p>\n<p>Cet arrangement favorable rev\u00eat une importance particuli\u00e8re pour les salari\u00e9s car, contrairement \u00e0 certains pays tels que le Royaume-Uni, les jours f\u00e9ri\u00e9s qui tombent le week-end en France ne sont pas d\u00e9plac\u00e9s mais \u00ab perdus \u00bb pour l\u2019ann\u00e9e.<\/p>\n<h2>Comment profiter des jours f\u00e9ri\u00e9s cette ann\u00e9e<\/h2>\n<p>Les jours f\u00e9ri\u00e9s publics de la France en 2026 sont :<\/p>\n<ul>\n<li>\n<p>Jeudi 1er janvier &#8211; Jour de l\u2019An (d\u00e9j\u00e0 pass\u00e9)<\/p>\n<\/li>\n<li>\n<p>Lundi 6 avril &#8211; Lundi de P\u00e2ques<\/p>\n<\/li>\n<li>\n<p>Vendredi 1er mai &#8211; <span data-lab-font_weight=\"font-weight-bold\" class=\"font-weight-bold m-font-weight-bold\">F\u00eate du Travail<\/span><\/p>\n<\/li>\n<li>\n<p>Vendredi 8 mai &#8211; Jour de la Victoire en Europe ou fin de la Seconde Guerre mondiale en Europe<\/p>\n<\/li>\n<li>\n<p>Jeudi 14 mai &#8211; Ascension<\/p>\n<\/li>\n<li>\n<p>Lundi 25 mai &#8211; Pentec\u00f4te ou Lundi de Pentec\u00f4te (<span data-lab-font_weight=\"font-weight-bold\" class=\"font-weight-bold m-font-weight-bold\">pas toujours donn\u00e9 comme jour f\u00e9ri\u00e9<\/span>)<\/p>\n<\/li>\n<li>\n<p>Mardi 14 juillet &#8211; F\u00eate nationale (Quatorze Juillet)<\/p>\n<\/li>\n<li>\n<p>Samedi 15 ao\u00fbt &#8211; Assomption<\/p>\n<\/li>\n<li>\n<p>Dimanche 1er novembre &#8211; Toussaint<\/p>\n<\/li>\n<li>\n<p>Mercredi 11 novembre &#8211; Jour de l\u2019Armistice<\/p>\n<\/li>\n<li>\n<p>Vendredi 25 d\u00e9cembre &#8211; No\u00ebl<\/p>\n<\/li>\n<\/ul>\n<p>Dans certaines parties de l\u2019est de la France, le Vendredi Saint (le vendredi 3 avril) et le jour de la Saint-\u00c9tienne (le samedi 26 d\u00e9cembre) sont aussi des jours f\u00e9ri\u00e9s, ajoutant un troisi\u00e8me week-end de trois jours pour les travailleurs, m\u00eame si le jour f\u00e9ri\u00e9 de la Saint-\u00c9tienne est perdu car il tombe un samedi.<\/p>\n<p>Or, pour le reste du pays, toutefois, les travailleurs b\u00e9n\u00e9ficient d\u00e9sormais de week-ends de trois jours lors du Lundi de P\u00e2ques, de la F\u00eate du Travail, du Jour de la Victoire en Europe et de No\u00ebl, ainsi que lors de la Pentec\u00f4te selon la mani\u00e8re dont leur entreprise applique les r\u00e8gles parfois confuses.<\/p>\n<p>De plus, en prenant le vendredi 15 mai ou le lundi 13 juillet, les travailleurs peuvent profiter d\u2019un week-end de quatre jours.<\/p>\n<h2>Une demi-mois de cong\u00e9s pour seulement huit jours de cong\u00e9s pay\u00e9s<\/h2>\n<p>Comme d&rsquo;habitude, mai compte de nombreux jours f\u00e9ri\u00e9s et une pause prolong\u00e9e est possible en utilisant un minimum de cong\u00e9s.<\/p>\n<p>Les salari\u00e9s peuvent demander du cong\u00e9 pay\u00e9 du 4 au 7 mai, du 11 au 13 mai, et le 15 mai afin de profiter d\u2019une pause de 17 jours en utilisant seulement huit jours de cong\u00e9s pay\u00e9s.<\/p>\n<p>Notez toutefois que les employeurs ne sont pas oblig\u00e9s d\u2019accepter les demandes de cong\u00e9s pay\u00e9s pendant cette p\u00e9riode.<\/p>\n<p>Il peut aussi exister une pression suppl\u00e9mentaire sur les entreprises en mai, car tous les cong\u00e9s non pay\u00e9s doivent \u00eatre utilis\u00e9s avant la fin du mois (y compris les RTT accumul\u00e9s par les travailleurs) ou ils risquent d\u2019\u00eatre perdus.<\/p>\n<p>Cela peut conduire \u00e0 une ru\u00e9e pour soumettre les demandes, car dans certains m\u00e9tiers certains travailleurs devront rester disponibles pendant la journ\u00e9e (certaines petites entreprises peuvent fermer pendant cette p\u00e9riode si trop de personnes seront absentes, mais cela est rare).<\/p>\n<p>Si les demandes de cong\u00e9s ne sont pas d\u00e9pos\u00e9es rapidement, l\u2019opportunit\u00e9 de la pause prolong\u00e9e peut \u00eatre perdue.<\/p>\n<p>En parall\u00e8le, les entreprises peuvent choisir de fermer des bureaux \u00e0 certaines p\u00e9riodes, obligeant \u00e0 prendre les cong\u00e9s pay\u00e9s \u00e0 ce moment-l\u00e0.<\/p>\n<\/div>\n","protected":false},"excerpt":{"rendered":"<p>Calendrier favorable pour les jours f\u00e9ri\u00e9s publics permet une prolongation des cong\u00e9s en mai, avec cinq longs week-ends garantis tout au long de l&rsquo;ann\u00e9e Les travailleurs en France b\u00e9n\u00e9ficient de cinq longs week-ends cette ann\u00e9e et, avec la possibilit\u00e9 potentielle de trois \u00ab ponts \u00bb en prenant des cong\u00e9s pay\u00e9s entre les week-ends et les [&hellip;]<\/p>\n","protected":false},"author":1,"featured_media":976,"comment_status":"open","ping_status":"open","sticky":false,"template":"","format":"standard","meta":{"footnotes":""},"categories":[1],"tags":[1248,37,231,1247,1249,39,1250,29,321],"class_list":["post-975","post","type-post","status-publish","format-standard","has-post-thumbnail","hentry","category-non-classe","tag-conges","tag-france","tag-grace","tag-optimisez","tag-planification","tag-pour","tag-strategique","tag-une","tag-vos"],"_links":{"self":[{"href":"https:\/\/www.rachida-dati.eu\/actualites\/wp-json\/wp\/v2\/posts\/975","targetHints":{"allow":["GET"]}}],"collection":[{"href":"https:\/\/www.rachida-dati.eu\/actualites\/wp-json\/wp\/v2\/posts"}],"about":[{"href":"https:\/\/www.rachida-dati.eu\/actualites\/wp-json\/wp\/v2\/types\/post"}],"author":[{"embeddable":true,"href":"https:\/\/www.rachida-dati.eu\/actualites\/wp-json\/wp\/v2\/users\/1"}],"replies":[{"embeddable":true,"href":"https:\/\/www.rachida-dati.eu\/actualites\/wp-json\/wp\/v2\/comments?post=975"}],"version-history":[{"count":1,"href":"https:\/\/www.rachida-dati.eu\/actualites\/wp-json\/wp\/v2\/posts\/975\/revisions"}],"predecessor-version":[{"id":977,"href":"https:\/\/www.rachida-dati.eu\/actualites\/wp-json\/wp\/v2\/posts\/975\/revisions\/977"}],"wp:featuredmedia":[{"embeddable":true,"href":"https:\/\/www.rachida-dati.eu\/actualites\/wp-json\/wp\/v2\/media\/976"}],"wp:attachment":[{"href":"https:\/\/www.rachida-dati.eu\/actualites\/wp-json\/wp\/v2\/media?parent=975"}],"wp:term":[{"taxonomy":"category","embeddable":true,"href":"https:\/\/www.rachida-dati.eu\/actualites\/wp-json\/wp\/v2\/categories?post=975"},{"taxonomy":"post_tag","embeddable":true,"href":"https:\/\/www.rachida-dati.eu\/actualites\/wp-json\/wp\/v2\/tags?post=975"}],"curies":[{"name":"wp","href":"https:\/\/api.w.org\/{rel}","templated":true}]}}