{"id":981,"date":"2026-01-22T20:45:06","date_gmt":"2026-01-22T19:45:06","guid":{"rendered":"https:\/\/www.rachida-dati.eu\/actualites\/avertissements-sur-le-ski-hors-piste-dans-les-alpes-francaises-apres-le-deces-tragique-dun-skieur-americain\/"},"modified":"2026-01-22T20:45:06","modified_gmt":"2026-01-22T19:45:06","slug":"avertissements-sur-le-ski-hors-piste-dans-les-alpes-francaises-apres-le-deces-tragique-dun-skieur-americain","status":"publish","type":"post","link":"https:\/\/www.rachida-dati.eu\/actualites\/avertissements-sur-le-ski-hors-piste-dans-les-alpes-francaises-apres-le-deces-tragique-dun-skieur-americain\/","title":{"rendered":"Avertissements sur le ski hors-piste dans les Alpes fran\u00e7aises apr\u00e8s le d\u00e9c\u00e8s tragique d&rsquo;un skieur am\u00e9ricain"},"content":{"rendered":"<div data-element-guid=\"7f7332a5-aca0-4fee-9990-ec700b171346\">\n<h2 class=\"subtitle \" style=\"\">Skieur percut\u00e9 \u00e0 la t\u00eate par un rocher expos\u00e9 lors d&rsquo;une le\u00e7on avec un moniteur<\/h2>\n<\/p>\n<\/div>\n<div data-element-guid=\"ce8aff42-3400-4498-a23f-bfc486f81241\">\n<p><!-- placeholder(#1) --><\/p>\n<p>Des avertissements concernant le ski hors-piste dans certaines conditions ont \u00e9t\u00e9 \u00e9mis en France \u00e0 la suite du d\u00e9c\u00e8s d&rsquo;un skieur am\u00e9ricain en Savoie, l&rsquo;un des plusieurs d\u00e9c\u00e8s li\u00e9s au ski ces derniers jours dans les Alpes.<\/p>\n<p>L&rsquo;homme, 45 ans, skiait hors-piste dans la station de Val Thorens avec deux autres personnes dans le cadre d&rsquo;une le\u00e7on donn\u00e9e par un moniteur ind\u00e9pendant, lorsqu&rsquo;il a perdu l&rsquo;\u00e9quilibre. Sa t\u00eate a heurt\u00e9 un rocher au cours de la chute.<\/p>\n<p><span data-lab-font_weight=\"font-weight-bold\" class=\"font-weight-bold m-font-weight-bold\">Bien que portant un casque<\/span>, il a \u00e9t\u00e9 d\u00e9clar\u00e9 d\u00e9c\u00e9d\u00e9 peu apr\u00e8s l&rsquo;arriv\u00e9e des secours.<\/p>\n<p>Une enqu\u00eate a \u00e9t\u00e9 ouverte par les autorit\u00e9s locales sur ce d\u00e9c\u00e8s, notamment pour \u00ab usage de drogues \u00bb par l&rsquo;instructeur et \u00ab homicide involontaire par violation manifestement d\u00e9lib\u00e9r\u00e9e des obligations de s\u00e9curit\u00e9 et de prudence \u00bb, a rapport\u00e9 Le Parisien, citant une d\u00e9claration du procureur de la R\u00e9publique local.<\/p>\n<p>C&rsquo;est l&rsquo;une des plusieurs d\u00e9c\u00e8s li\u00e9s au ski dans les Alpes ces derniers jours, apr\u00e8s des incidents \u00e0 La Plagne et Valloire (dont l&rsquo;un impliquant un guide de montagne), Les Karellis et M\u00e9ribel-Mottaret, o\u00f9 un jeune skieur aussi hors-piste est mort.\u00a0<\/p>\n<h2>Avertissements concernant le ski hors-piste<\/h2>\n<p>Bien que <span data-lab-font_weight=\"font-weight-bold\" class=\"font-weight-bold m-font-weight-bold\">le ski hors-piste ne soit pas ill\u00e9gal en France<\/span>, il est uniquement recommand\u00e9 pour les skieurs experts et, pendant certaines conditions m\u00e9t\u00e9orologiques, fortement d\u00e9conseill\u00e9.<\/p>\n<p>Plusieurs jours de faible neige et de vents violents autour de Val Thorens ont rendu les conditions hors-piste plus dangereuses, car des affleurements rocheux g\u00e9n\u00e9ralement enfouis sous une neige \u00e9paisse ont \u00e9t\u00e9 emport\u00e9s, ont indiqu\u00e9 les autorit\u00e9s.<\/p>\n<p>Le ski hors-piste est plus s\u00fbr apr\u00e8s de fortes chutes de neige, ce qui aide \u00e0 couvrir la plupart des rochers d&rsquo;une neige suffisante.<\/p>\n<p>Si vous n&rsquo;\u00eates pas s\u00fbr des conditions dans une station, demandez \u00e0 un employ\u00e9 ou consultez les canaux officiels (r\u00e9seaux sociaux, sites web, etc.) pour voir si des informations sur le ski hors-piste ont \u00e9t\u00e9 communiqu\u00e9es.<\/p>\n<p>De plus, sortir des limites balis\u00e9es peut \u00eatre dangereux en raison du risque accru d&rsquo;avalanches dans ces zones, ce qui peut surprendre les skieurs. M\u00e9t\u00e9o-France int\u00e8gre les avertissements d&rsquo;avalanches dans son syst\u00e8me officiel d&rsquo;alerte m\u00e9t\u00e9orologique.<\/p>\n<p>En cas de doute, les stations recommandent de rester sur les pentes balis\u00e9es.<\/p>\n<\/div>\n","protected":false},"excerpt":{"rendered":"<p>Skieur percut\u00e9 \u00e0 la t\u00eate par un rocher expos\u00e9 lors d&rsquo;une le\u00e7on avec un moniteur Des avertissements concernant le ski hors-piste dans certaines conditions ont \u00e9t\u00e9 \u00e9mis en France \u00e0 la suite du d\u00e9c\u00e8s d&rsquo;un skieur am\u00e9ricain en Savoie, l&rsquo;un des plusieurs d\u00e9c\u00e8s li\u00e9s au ski ces derniers jours dans les Alpes. L&rsquo;homme, 45 ans, [&hellip;]<\/p>\n","protected":false},"author":1,"featured_media":982,"comment_status":"open","ping_status":"open","sticky":false,"template":"","format":"standard","meta":{"footnotes":""},"categories":[1],"tags":[585,1259,28,407,50,606,539,313,1257,35,18,1208,30,1258],"class_list":["post-981","post","type-post","status-publish","format-standard","has-post-thumbnail","hentry","category-non-classe","tag-alpes","tag-americain","tag-apres","tag-avertissements","tag-dans","tag-deces","tag-dun","tag-francaises","tag-horspiste","tag-les","tag-ski","tag-skieur","tag-sur","tag-tragique"],"_links":{"self":[{"href":"https:\/\/www.rachida-dati.eu\/actualites\/wp-json\/wp\/v2\/posts\/981","targetHints":{"allow":["GET"]}}],"collection":[{"href":"https:\/\/www.rachida-dati.eu\/actualites\/wp-json\/wp\/v2\/posts"}],"about":[{"href":"https:\/\/www.rachida-dati.eu\/actualites\/wp-json\/wp\/v2\/types\/post"}],"author":[{"embeddable":true,"href":"https:\/\/www.rachida-dati.eu\/actualites\/wp-json\/wp\/v2\/users\/1"}],"replies":[{"embeddable":true,"href":"https:\/\/www.rachida-dati.eu\/actualites\/wp-json\/wp\/v2\/comments?post=981"}],"version-history":[{"count":1,"href":"https:\/\/www.rachida-dati.eu\/actualites\/wp-json\/wp\/v2\/posts\/981\/revisions"}],"predecessor-version":[{"id":983,"href":"https:\/\/www.rachida-dati.eu\/actualites\/wp-json\/wp\/v2\/posts\/981\/revisions\/983"}],"wp:featuredmedia":[{"embeddable":true,"href":"https:\/\/www.rachida-dati.eu\/actualites\/wp-json\/wp\/v2\/media\/982"}],"wp:attachment":[{"href":"https:\/\/www.rachida-dati.eu\/actualites\/wp-json\/wp\/v2\/media?parent=981"}],"wp:term":[{"taxonomy":"category","embeddable":true,"href":"https:\/\/www.rachida-dati.eu\/actualites\/wp-json\/wp\/v2\/categories?post=981"},{"taxonomy":"post_tag","embeddable":true,"href":"https:\/\/www.rachida-dati.eu\/actualites\/wp-json\/wp\/v2\/tags?post=981"}],"curies":[{"name":"wp","href":"https:\/\/api.w.org\/{rel}","templated":true}]}}